{"id":563430,"date":"2025-11-28T01:20:16","date_gmt":"2025-11-28T01:20:16","guid":{"rendered":"https:\/\/www.europesays.com\/fr\/563430\/"},"modified":"2025-11-28T01:20:16","modified_gmt":"2025-11-28T01:20:16","slug":"les-communes-du-massif-du-vercors-integrent-le-smmag","status":"publish","type":"post","link":"https:\/\/www.europesays.com\/fr\/563430\/","title":{"rendered":"les communes du massif du Vercors int\u00e8grent le Smmag"},"content":{"rendered":"<p>Un moment his\u00adto\u00adrique pour le <a href=\"https:\/\/smmag.fr\/\" target=\"_blank\" rel=\"noopener\">Smmag<\/a>\u00a0? C\u2019est ce qu\u2019a d\u00e9clar\u00e9 son pr\u00e9\u00adsident Sylvain Laval, \u00e0 l\u2019oc\u00adca\u00adsion du comit\u00e9 syn\u00addi\u00adcal de l\u2019au\u00adto\u00adrit\u00e9 orga\u00adni\u00adsa\u00adtrice des trans\u00adports de l\u2019aire gre\u00adno\u00adbloise et de la ren\u00adcontre avec la presse qui l\u2019a suivi. Le 27 novembre 2025 marque en effet l\u2019adh\u00e9\u00adsion au syn\u00addi\u00adcat de la <a href=\"https:\/\/www.vercors.org\/fr\/\" target=\"_blank\" rel=\"noopener\">Communaut\u00e9 de com\u00admunes<\/a> du mas\u00adsif du Vercors, qui rejoint ainsi la M\u00e9tropole de Grenoble, le Gr\u00e9sivaudan et le Pays voironnais.<\/p>\n<p><a href=\"https:\/\/www.europesays.com\/fr\/wp-content\/uploads\/2025\/11\/massif-du-vercors-smmag-27-novembre-2025-1-scaled.jpg\"><img fetchpriority=\"high\" decoding=\"async\" aria-describedby=\"caption-attachment-665877\" class=\"wp-image-665877 size-full\" src=\"data:image\/svg+xml,%3Csvg%20xmlns=\" http:=\"\" alt=\"De gauche \u00e0 droite, Bruno Cattin, Henri Baile, Sylvain Laval et Pierre Weick. \u00a9 Florent Mathieu - Place Gre'net\" width=\"2048\" height=\"1468\" data-lazy- data-lazy- data-lazy-src=\"https:\/\/www.europesays.com\/fr\/wp-content\/uploads\/2025\/11\/massif-du-vercors-smmag-27-novembre-2025-1-scaled.jpg\"\/><\/a><\/p>\n<p id=\"caption-attachment-665877\" class=\"wp-caption-text\">Mobilit\u00e9s\u00a0: les com\u00admunes du mas\u00adsif du Vercors int\u00e8grent le Smmag. De gauche \u00e0 droite, Bruno Cattin, Henri Baile, Sylvain Laval et Pierre Weick. \u00a9 Florent Mathieu \u2013 Place Gre\u2019net<\/p>\n<p>Une adh\u00e9\u00adsion presque sur\u00adprise\u00a0? C\u2019est lors du conseil com\u00admu\u00adnau\u00adtaire du Vercors du ven\u00addredi 21 novembre que les \u00e9lus ont approuv\u00e9 le prin\u00adcipe d\u2019in\u00adt\u00e9\u00adgrer le Smmag, \u00e0 l\u2019u\u00adna\u00adni\u00admit\u00e9 moins deux abs\u00adten\u00adtions. La d\u00e9li\u00adb\u00e9\u00adra\u00adtion des\u00adti\u00adn\u00e9e \u00e0 vali\u00adder l\u2019adh\u00e9\u00adsion a donc \u00e9t\u00e9 ajou\u00adt\u00e9e \u00e0 l\u2019ordre du jour du comit\u00e9 syn\u00addi\u00adcal du Smmag six jours plus tard. Ceci avec un accueil tr\u00e8s favo\u00adrable de ses membres, qui l\u2019ont \u00e0 leur tour approuv\u00e9 \u00e0 l\u2019unanimit\u00e9.<\/p>\n<p>Pourquoi cette d\u00e9ci\u00adsion du Vercors d\u2019adh\u00e9\u00adrer au Smmag\u00a0? La CCMV rap\u00adpelle avoir d\u00e9cid\u00e9 en 2020 de deve\u00adnir auto\u00adrit\u00e9 orga\u00adni\u00adsa\u00adtrice des mobi\u00adli\u00adt\u00e9s (AOM) sur son ter\u00adri\u00adtoire, l\u00e0 o\u00f9 d\u2019autres inter\u00adcom\u00admu\u00adna\u00adli\u00adt\u00e9s ont choisi de lais\u00adser cette res\u00adpon\u00adsa\u00adbi\u00adlit\u00e9 \u00e0 la R\u00e9gion pour des rai\u00adsons pra\u00adtiques et techniques.<\/p>\n<p>Si les trans\u00adports en com\u00admun et les trans\u00adports sco\u00adlaires sur le mas\u00adsif du Vercors incombent tou\u00adjours \u00e0 la R\u00e9gion Aura, la com\u00admu\u00adnaut\u00e9 de com\u00admunes a d\u00e9ploy\u00e9 des actions en mati\u00e8re de poli\u00adtique cyclable, d\u2019au\u00adto\u00adpar\u00adtage ou de covoiturage.<\/p>\n","protected":false},"excerpt":{"rendered":"Un moment his\u00adto\u00adrique pour le Smmag\u00a0? C\u2019est ce qu\u2019a d\u00e9clar\u00e9 son pr\u00e9\u00adsident Sylvain Laval, \u00e0 l\u2019oc\u00adca\u00adsion du comit\u00e9&hellip;\n","protected":false},"author":2,"featured_media":563431,"comment_status":"","ping_status":"","sticky":false,"template":"","format":"standard","meta":{"footnotes":""},"categories":[9566],"tags":[1111,11,2430,1777,674,1011,27,2731,12,25],"class_list":{"0":"post-563430","1":"post","2":"type-post","3":"status-publish","4":"format-standard","5":"has-post-thumbnail","7":"category-grenoble","8":"tag-actu","9":"tag-actualites","10":"tag-auvergne-rhone-alpes","11":"tag-eu","12":"tag-europe","13":"tag-fr","14":"tag-france","15":"tag-grenoble","16":"tag-news","17":"tag-republique-francaise"},"share_on_mastodon":{"url":"https:\/\/pubeurope.com\/@fr\/115624701929077253","error":""},"_links":{"self":[{"href":"https:\/\/www.europesays.com\/fr\/wp-json\/wp\/v2\/posts\/563430","targetHints":{"allow":["GET"]}}],"collection":[{"href":"https:\/\/www.europesays.com\/fr\/wp-json\/wp\/v2\/posts"}],"about":[{"href":"https:\/\/www.europesays.com\/fr\/wp-json\/wp\/v2\/types\/post"}],"author":[{"embeddable":true,"href":"https:\/\/www.europesays.com\/fr\/wp-json\/wp\/v2\/users\/2"}],"replies":[{"embeddable":true,"href":"https:\/\/www.europesays.com\/fr\/wp-json\/wp\/v2\/comments?post=563430"}],"version-history":[{"count":0,"href":"https:\/\/www.europesays.com\/fr\/wp-json\/wp\/v2\/posts\/563430\/revisions"}],"wp:featuredmedia":[{"embeddable":true,"href":"https:\/\/www.europesays.com\/fr\/wp-json\/wp\/v2\/media\/563431"}],"wp:attachment":[{"href":"https:\/\/www.europesays.com\/fr\/wp-json\/wp\/v2\/media?parent=563430"}],"wp:term":[{"taxonomy":"category","embeddable":true,"href":"https:\/\/www.europesays.com\/fr\/wp-json\/wp\/v2\/categories?post=563430"},{"taxonomy":"post_tag","embeddable":true,"href":"https:\/\/www.europesays.com\/fr\/wp-json\/wp\/v2\/tags?post=563430"}],"curies":[{"name":"wp","href":"https:\/\/api.w.org\/{rel}","templated":true}]}}