{"id":563432,"date":"2025-11-28T01:21:19","date_gmt":"2025-11-28T01:21:19","guid":{"rendered":"https:\/\/www.europesays.com\/fr\/563432\/"},"modified":"2025-11-28T01:21:19","modified_gmt":"2025-11-28T01:21:19","slug":"anouchka-la-poterie-dans-la-peau","status":"publish","type":"post","link":"https:\/\/www.europesays.com\/fr\/563432\/","title":{"rendered":"Anouchka : la poterie dans la peau"},"content":{"rendered":"<p style=\"text-align: justify\"><strong>Il y a autant d\u2019\u00e9mail dans son sourire que dans ses c\u00e9ramiques, et \u00e7a fait du bien\u00a0! Anouchka est poti\u00e8re \u00e0 Rennes depuis avril 2022. Son atelier ne d\u00e9semplit pas.<\/strong><\/p>\n<p style=\"text-align: justify\"><strong>\u00ab\u00a0Poti\u00e8re, artisane c\u00e9ramiste\u00a0\u00bb.<\/strong> Anouchka se d\u00e9finit ainsi. Elle fait de l\u2019artisanat, pas de l\u2019art. <strong>\u00ab\u00a0La nuance est dans l\u2019esprit rustique d\u2019une poterie\u00a0\u00bb,<\/strong> pr\u00e9vient-elle.<\/p>\n<p style=\"text-align: justify\">Dans son atelier \u2013 salle de cours du boulevard de Metz, les \u00e9tag\u00e8res regorgent de cr\u00e9ations. <strong>\u00ab\u00a0Un peu des miennes, mais surtout celles de mes \u00e9l\u00e8ves, fid\u00e8les et nombreuses\u00a0\u00bb,<\/strong> explique la jeune Bretonne. <strong>\u00ab\u00a0Je dis \u2018nombreuses\u2019, car en trois ans je n\u2019ai eu qu\u2019un \u00e9l\u00e8ve masculin\u00a0\u00bb,<\/strong> plaisante-t-elle.<\/p>\n<p style=\"text-align: justify\">\u00c2g\u00e9es de 27 \u00e0 77 ans, les \u00e9l\u00e8ves d\u2019Anouchka appr\u00e9cient de cr\u00e9er de leurs mains, dans un espace \u00e0 la fois convivial et professionnel. <strong>\u00ab\u00a0Certaines participantes reviennent pour des sessions de trois mois depuis l\u2019ouverture\u00a0\u00bb,<\/strong> se r\u00e9jouit l\u2019artisane. <strong>\u00ab\u00a0Elles appr\u00e9cient ma p\u00e9dagogie et ma bonne humeur, mais surtout cet espace qui leur permet d\u2019alterner entre le modelage et le tournage\u00a0\u00bb,<\/strong> pr\u00e9cise Anouchka tout en v\u00e9rifiant la chaleur de son four, qui refroidit. Avec une temp\u00e9rature qui monte \u00e0 1 265\u00b0C, autant dire que la descente est longue.<\/p>\n<p><img fetchpriority=\"high\" decoding=\"async\" class=\" wp-image-108089\" src=\"data:image\/svg+xml,%3Csvg%20xmlns=\" http:=\"\" alt=\"\" width=\"445\" height=\"332\" data-wp-pid=\"108089\" data-lazy- data-lazy- data-lazy-src=\"https:\/\/www.europesays.com\/fr\/wp-content\/uploads\/2025\/11\/IMG_8899-600x448.jpeg\"\/>Photo J.MOREAU<\/p>\n<p style=\"text-align: justify\"><strong>L\u2019utilitaire avant tout<\/strong><\/p>\n<p style=\"text-align: justify\">Quand on parle poterie, l\u2019\u00e9ventail des possibilit\u00e9s est vaste. <strong>\u00ab\u00a0Les stagiaires ont \u00e9norm\u00e9ment d\u2019id\u00e9es. Je suis l\u00e0 pour les accompagner et jamais pour les freiner dans leur \u00e9lan cr\u00e9atif\u00a0\u00bb,<\/strong> confie Anouchka qui avoue favoriser les cr\u00e9ations <strong>\u00ab\u00a0utiles\u00a0\u00bb.<\/strong><\/p>\n<p style=\"text-align: justify\"><strong>\u00ab\u00a0M\u00eame si, parfois, certains apprentis-potiers veulent se lancer dans un objet original, j\u2019aime quand la cr\u00e9ation est utile avant tout\u00a0\u00bb,<\/strong> commente la prof au grand sourire. <strong>\u00ab\u00a0Tasses, assiettes, gobelets, \u00e9cuelles, vases ou porte-savons sont des produits phares. Ils servent au quotidien\u00a0\u00bb,<\/strong> ajoute-t-elle.<\/p>\n<p style=\"text-align: justify\">Et c\u2019est tout l\u2019int\u00e9r\u00eat de la poterie ou de la c\u00e9ramique\u00a0<strong>: \u00ab\u00a0Depuis plusieurs ann\u00e9es, on voit la passion grandissante des Fran\u00e7ais pour le bricolage, la couture\u00a0: le \u2018fait-main. Ce besoin de cr\u00e9er, de se poser, est notable\u00a0\u00bb,<\/strong> constate Anouchka. Et de pr\u00e9ciser <strong>\u00ab\u00a0La poterie a \u2013 en plus \u2013 ce c\u00f4t\u00e9 r\u00e9gressif de patouiller dans de la mati\u00e8re\u00a0!\u00a0\u00bb<\/strong><\/p>\n<p style=\"text-align: justify\"><strong>Se garder du temps pour produire<\/strong><\/p>\n<p style=\"text-align: justify\">Le succ\u00e8s des cours propos\u00e9s par Anouchka la surprend encore aujourd\u2019hui. <strong>\u00ab\u00a0Au d\u00e9part, je pensais proposer quelques dates, et surtout produire.\u00a0J\u2019avoue que recevoir des \u00e9l\u00e8ves dans de bonnes conditions prend \u00e9norm\u00e9ment de temps. En amont comme en aval. Mais j\u2019essaye de trouver des moments propices \u00e0 la cr\u00e9ation\u00a0\u00bb,<\/strong> admet la poti\u00e8re qui pr\u00e9pare actuellement une s\u00e9rie de tasses originales pour un coffee shop de Pac\u00e9.<\/p>\n<p style=\"text-align: justify\"><strong>\u00ab\u00a0J\u2019ai la transmission, le partage dans la peau. \u00c7a ne me d\u00e9range pas de consacrer une grande partie de mon agenda aux cours\u00a0\u00bb<\/strong>, temp\u00e8re-t-elle.<\/p>\n<p><img loading=\"lazy\" decoding=\"async\" class=\" wp-image-108090\" src=\"data:image\/svg+xml,%3Csvg%20xmlns=\" http:=\"\" alt=\"\" width=\"417\" height=\"311\" data-wp-pid=\"108090\" data-lazy- data-lazy- data-lazy-src=\"https:\/\/www.europesays.com\/fr\/wp-content\/uploads\/2025\/11\/IMG_8905-600x448.jpeg\"\/>Photo J.MOREAU<\/p>\n<p style=\"text-align: justify\"><strong>Recherche local<\/strong><\/p>\n<p style=\"text-align: justify\">Si Anouchka occupe depuis 2022 les anciens locaux d\u2019une entreprise de montage vid\u00e9o, le bail pr\u00e9caire qui l\u2019avait s\u00e9duite \u00e0 l\u2019\u00e9poque touche \u00e0 sa fin. <strong>\u00ab\u00a0J\u2019aimerais trouver rapidement un endroit o\u00f9 poursuivre mes cours. Dans le meilleur des cas, un bail pr\u00e9caire (car il est synonyme de libert\u00e9\u2026 et de bon march\u00e9)\u00a0\u00bb,<\/strong> lance-t-elle, comme une bouteille (en c\u00e9ramique) \u00e0 la mer. <strong>\u00ab\u00a0Un particulier qui aurait un grand espace inoccup\u00e9, voire un atelier partag\u00e9 me conviendrait aussi\u00a0\u00bb,<\/strong> compl\u00e8te-t-elle.<br \/>50 \u00e0 70m \u00b2 lui iraient parfaitement.<\/p>\n<p style=\"text-align: justify\">Dans l\u2019id\u00e9al, un nouveau lieu avant les f\u00eates tomberait comme un cadeau de No\u00ebl. Le temps presse un peu pour la jeune artisane\u2026 Mais d\u00e9cid\u00e9ment, le stress n\u2019a pas de prise sur elle.<\/p>\n<p style=\"text-align: justify\"><strong>Pratique\u00a0:<\/strong> Pour d\u00e9couvrir les cr\u00e9ations d\u2019Anouchka, visitez son compte <a href=\"https:\/\/www.instagram.com\/anouchka_ceramiks\/\" target=\"_blank\" rel=\"noopener\">Instagram<\/a>\u00a0<br \/>Pour vous lancer dans la poterie et b\u00e9n\u00e9ficier de ses talents de p\u00e9dagogue, c\u2019est <a href=\"https:\/\/wecandoo.fr\/artisan\/rennes-artisan-ceramiste-anouchka\" target=\"_blank\" rel=\"noopener\">ici<\/a>, ou <a href=\"https:\/\/www.instagram.com\/anouchka.ceramiks.cours\/\" target=\"_blank\" rel=\"noopener\">l\u00e0\u00a0<\/a><\/p>\n<p><script async src=\"\/\/www.instagram.com\/embed.js\"><\/script><\/p>\n","protected":false},"excerpt":{"rendered":"Il y a autant d\u2019\u00e9mail dans son sourire que dans ses c\u00e9ramiques, et \u00e7a fait du bien\u00a0! Anouchka&hellip;\n","protected":false},"author":2,"featured_media":563433,"comment_status":"","ping_status":"","sticky":false,"template":"","format":"standard","meta":{"footnotes":""},"categories":[2821],"tags":[1111,11,829,1777,674,1011,27,12,584,25],"class_list":{"0":"post-563432","1":"post","2":"type-post","3":"status-publish","4":"format-standard","5":"has-post-thumbnail","7":"category-rennes","8":"tag-actu","9":"tag-actualites","10":"tag-bretagne","11":"tag-eu","12":"tag-europe","13":"tag-fr","14":"tag-france","15":"tag-news","16":"tag-rennes","17":"tag-republique-francaise"},"share_on_mastodon":{"url":"https:\/\/pubeurope.com\/@fr\/115624705816403338","error":""},"_links":{"self":[{"href":"https:\/\/www.europesays.com\/fr\/wp-json\/wp\/v2\/posts\/563432","targetHints":{"allow":["GET"]}}],"collection":[{"href":"https:\/\/www.europesays.com\/fr\/wp-json\/wp\/v2\/posts"}],"about":[{"href":"https:\/\/www.europesays.com\/fr\/wp-json\/wp\/v2\/types\/post"}],"author":[{"embeddable":true,"href":"https:\/\/www.europesays.com\/fr\/wp-json\/wp\/v2\/users\/2"}],"replies":[{"embeddable":true,"href":"https:\/\/www.europesays.com\/fr\/wp-json\/wp\/v2\/comments?post=563432"}],"version-history":[{"count":0,"href":"https:\/\/www.europesays.com\/fr\/wp-json\/wp\/v2\/posts\/563432\/revisions"}],"wp:featuredmedia":[{"embeddable":true,"href":"https:\/\/www.europesays.com\/fr\/wp-json\/wp\/v2\/media\/563433"}],"wp:attachment":[{"href":"https:\/\/www.europesays.com\/fr\/wp-json\/wp\/v2\/media?parent=563432"}],"wp:term":[{"taxonomy":"category","embeddable":true,"href":"https:\/\/www.europesays.com\/fr\/wp-json\/wp\/v2\/categories?post=563432"},{"taxonomy":"post_tag","embeddable":true,"href":"https:\/\/www.europesays.com\/fr\/wp-json\/wp\/v2\/tags?post=563432"}],"curies":[{"name":"wp","href":"https:\/\/api.w.org\/{rel}","templated":true}]}}