{"id":563436,"date":"2025-11-28T01:23:15","date_gmt":"2025-11-28T01:23:15","guid":{"rendered":"https:\/\/www.europesays.com\/fr\/563436\/"},"modified":"2025-11-28T01:23:15","modified_gmt":"2025-11-28T01:23:15","slug":"a-gauche-thibaut-vinci-en-campagne-pour-parler-securite-a-strasbourg","status":"publish","type":"post","link":"https:\/\/www.europesays.com\/fr\/563436\/","title":{"rendered":"\u00e0 gauche, Thibaut Vinci en campagne pour parler s\u00e9curit\u00e9 \u00e0 Strasbourg"},"content":{"rendered":"<p><b>\u00c0 la fin du mois de juin, Thibaut Vinci a annonc\u00e9 sa candidature aux municipales de 2026 \u00e0 Strasbourg. \u00c0 39 ans, le candidat du Parti radical de gauche (PRG) d\u00e9fend un programme ax\u00e9 sur \u00ab\u00a0la s\u00e9curit\u00e9 comme valeur de gauche\u00a0\u00bb, l\u2019Europe et le social. Il lui faudra se d\u00e9marquer dans un centre-gauche actuellement plus que bouch\u00e9 en termes de candidatures.<\/b><\/p>\n<p class=\"p1\">Thibaut Vinci croit aux symboles. Lors de l\u2019interview conduite le 19 novembre dernier, le candidat du PRG aux municipales s\u2019appr\u00eatait \u00e0 f\u00eater son 39e anniversaire. <b>Soit, comme il le rappelle, l\u2019\u00e2ge de Jeanne Barseghian lorsqu\u2019elle est devenue maire de Strasbourg<\/b>.<\/p>\n<p class=\"p1\">S\u2019il r\u00eave du m\u00eame destin, le fonctionnaire de police franco-italien, en poste \u00e0 Paris depuis 2 ans, <b>va tout de m\u00eame devoir se frayer un chemin dans un centre-gauche rempli de candidatures, sans aucune alliance en vue<\/b>. Cela ne lui fait pas peur, lui qui sera la t\u00eate de liste du PRG, une \u00ab\u00a0gauche des territoires, ancr\u00e9e dans le r\u00e9el, de gouvernement\u00a0\u00bb.<\/p>\n<p>    <img width=\"800\" height=\"600\" src=\"https:\/\/www.europesays.com\/fr\/wp-content\/uploads\/2025\/11\/img-2731-grande-800x600.jpeg\" class=\"attachment-image-size-L size-image-size-L\" alt=\"thibaut vinci\" decoding=\"async\" loading=\"lazy\"  \/>         \u00a9 Nicolas Kaspar \/ Pokaa <\/p>\n<p>D\u00e9j\u00e0 quelques exp\u00e9riences de campagnes politiques<\/p>\n<p class=\"p1\">Si Thibaut Vinci m\u00e8nera ici sa premi\u00e8re campagne municipale, il n\u2019est n\u00e9anmoins pas un novice de la politique. <b>Il a notamment \u00e9t\u00e9 colistier de la liste men\u00e9e par Catherine Trautmann aux municipales de 2020<\/b> [il \u00e9tait en 30e position, ndlr], et de celle d\u2019Aur\u00e9lie Filippetti aux r\u00e9gionales de 2021.<\/p>\n<p class=\"p1\"><b>Il a ensuite \u00e9t\u00e9 candidat aux l\u00e9gislatives de 2022 dans la 2e circonscription de Strasbourg sous la banni\u00e8re du PRG, o\u00f9 il a termin\u00e9 6e au premier tour, avec 2,47 %<\/b>. Il a enfin fait partie de la liste \u00ab Europe Territoires \u00c9cologie \u00bb lors des \u00e9lections europ\u00e9ennes de 2024, liste qui a r\u00e9colt\u00e9 \u00e0 Strasbourg 234 voix.<\/p>\n<blockquote><p>\n        Au niveau local, la gauche peut se mettre autour de la table.    <\/p><\/blockquote>\n<p>            Thibaut Vinci, candidat PRG aux municipales<\/p>\n<p>    <img width=\"450\" height=\"600\" src=\"https:\/\/www.europesays.com\/fr\/wp-content\/uploads\/2025\/11\/img-2740-grande-450x600.jpeg\" class=\"attachment-image-size-M size-image-size-M\" alt=\"thibaut vinci\" decoding=\"async\" loading=\"lazy\"  \/>         \u00a9 Nicolas Kaspar \/ Pokaa <\/p>\n<p class=\"p1\">L\u2019affaire para\u00eet donc ardue pour le PRG, davantage implant\u00e9 dans les territoires ruraux que les grandes villes. <b>Un d\u00e9ficit de notori\u00e9t\u00e9 que reconna\u00eet Thibaut Vinci ; c\u2019est d\u2019ailleurs ce qui l\u2019a pouss\u00e9 \u00e0 annoncer sa candidature en juin dernier<\/b> : \u00ab\u00a0Je voulais b\u00e9n\u00e9ficier de la p\u00e9riode estivale pour distribuer 25 000 de mes tracts.\u00a0\u00bb<\/p>\n<p class=\"p1\">Dans la continuit\u00e9 de ce que fait le PRG, <b>Thibaut Vinci annonce \u00eatre \u00ab pr\u00eat \u00e0 faire la campagne sans alliance \u00bb, mais appelle n\u00e9anmoins de ses voeux l\u2019union de la gauche<\/b>. Un paradoxe qu\u2019il explique par le fait que \u00ab ce qu\u2019on porte, ce n\u2019est pas port\u00e9 pour l\u2019instant. Et si tout le monde y va, ce n\u2019est pas \u00e0 nous de nous coucher \u00bb.<\/p>\n<p>                <img width=\"375\" height=\"500\" src=\"https:\/\/www.europesays.com\/fr\/wp-content\/uploads\/2025\/11\/541085582-10162296399948220-6206432426177849755-n-375x500.jpg\" class=\"attachment-gallery size-gallery\" alt=\"thibaut vinci\" data-full-url=\"https:\/\/pokaa.fr\/wp-content\/uploads\/2025\/11\/27\/541085582-10162296399948220-6206432426177849755-n.jpg\" decoding=\"async\" loading=\"lazy\"  \/>            <\/p>\n<p>                <img width=\"375\" height=\"500\" src=\"https:\/\/www.europesays.com\/fr\/wp-content\/uploads\/2025\/11\/542142135-10162296400313220-100483118291596298-n-375x500.jpg\" class=\"attachment-gallery size-gallery\" alt=\"thibaut vinci\" data-full-url=\"https:\/\/pokaa.fr\/wp-content\/uploads\/2025\/11\/27\/542142135-10162296400313220-100483118291596298-n.jpg\" decoding=\"async\" loading=\"lazy\"  \/>            <\/p>\n<p>                    \u00a9 Thibaut Vinci \/ Documents remis<\/p>\n<p>S\u00e9curit\u00e9, social et Europe : le programme de Thibaut Vinci<\/p>\n<p class=\"p1\">Justement, qu\u2019est-ce que porte Thibaut Vinci dans sa campagne ? Cela pourra \u00e9tonner, <b>mais sa premi\u00e8re priorit\u00e9 est la s\u00e9curit\u00e9<\/b>, traditionnellement brandie en \u00e9tendard dans les programmes de la droite ou de l\u2019extr\u00eame droite. Pour Thibaut Vinci : \u00ab La gauche ne s\u2019associe pas \u00e0 ces questions-l\u00e0, mais je n\u2019ai pas envie de laisser ce sujet \u00e0 la droite. <b>La s\u00e9curit\u00e9, c\u2019est une des premi\u00e8res valeurs de gauche, car les premi\u00e8res victimes de l\u2019ins\u00e9curit\u00e9 sont les personnes les plus pr\u00e9caires<\/b>.\u00a0\u00bb Il a m\u00eame r\u00e9cemment propos\u00e9 un d\u00e9bat sur le sujet \u00e0 Jean-Philippe Vetter.<\/p>\n<p class=\"p1\">Ne souhaitant pas bl\u00e2mer la municipalit\u00e9 sur le sujet, reconnaissant que \u00ab\u00a0cela se d\u00e9grade dans toutes les villes\u00a0\u00bb, <b>Thibaut Vinci pr\u00f4ne \u00ab une s\u00e9curit\u00e9 de proximit\u00e9, avec une police municipale pr\u00e9sente 24h\/24 et \u00e0 l\u2019\u00e9coute, sans militarisation excessive \u00bb.<\/b>\u00a0Cela passe notamment par un recrutement accru de policiers\/\u00e8res municipaux\/les, aujourd\u2019hui en sous-effectif, mais \u00e9galement la \u00ab cr\u00e9ation de points fixes de police municipale inspir\u00e9s des \u2018kobans\u2019 japonais, pour une pr\u00e9sence de proximit\u00e9 dans les quartiers \u00bb.<\/p>\n<blockquote><p>\n        Contrairement \u00e0 la droite ou \u00e0 l\u2019extr\u00eame droite, qui misent sur des solutions simplistes et des discours de division, je refuse le tout-s\u00e9curitaire. Donc, pour un euro investi dans la s\u00e9curit\u00e9, il faut investir un euro dans le social.\u00a0    <\/p><\/blockquote>\n<p>            Thibaut Vinci, candidat PRG aux municipales<\/p>\n<p class=\"p1\">S\u2019il axe son discours en premier lieu sur la s\u00e9curit\u00e9, Thibaut Vinci embraye ensuite sur le social. <b>Il souhaite d\u00e9velopper un \u00ab guichet social \u00bb dans les quartiers populaires, qui aiderait notamment les personnes \u00e0 remplir leurs formalit\u00e9s administratives<\/b>, afin \u00ab\u00a0d\u2019assurer une certaine \u00e9galit\u00e9 r\u00e9publicaine\u00a0\u00bb. Il souhaite \u00e9galement renforcer les centres socio-culturels, et cr\u00e9er un \u00ab pacte de solidarit\u00e9 strasbourgeois \u00bb pour accompagner les plus vuln\u00e9rables.<\/p>\n<p class=\"p1\">Enfin, <b>il compte faire de Strasbourg une \u00ab\u00a0capitale europ\u00e9enne accessible \u00e0 tous\u00a0\u00bb<\/b>. Il d\u00e9veloppe : \u00ab L\u2019Europe est importante, mais elle n\u2019est pas accessible. On la laisse \u00e0 une certaine \u00e9lite ; si l\u2019on veut que l\u2019Europe parle, il faut communiquer davantage sur elle. \u00bb Ainsi, il compte instaurer un \u00ab Pass Europe \u00bb pour les Strasbourgeois(es), offrant un acc\u00e8s gratuit ou \u00e0 tarif r\u00e9duit aux \u00e9v\u00e9nements des institutions europ\u00e9ennes. <strong>Il compte<\/strong><b> aussi faire en sorte que tout(e) Strasbourgeois(e) de 18 ans ait au moins \u00e9t\u00e9 une fois au Parlement europ\u00e9en<\/b>.<\/p>\n<p>    <img width=\"800\" height=\"533\" src=\"https:\/\/www.europesays.com\/fr\/wp-content\/uploads\/2025\/11\/france-strasbourg-ete-wr-54-sur-113-800x533.jpg\" class=\"attachment-image-size-L size-image-size-L\" alt=\"Parlement europ\u00e9en\" decoding=\"async\" loading=\"lazy\"  \/>         \u00a9 Wilfried Rion \/ Pokaa <\/p>\n<p>Un horizon bien bouch\u00e9 du c\u00f4t\u00e9 du centre-gauche strasbourgeois<\/p>\n<p class=\"p1\">Except\u00e9 sa focale sur la s\u00e9curit\u00e9, <b>les propositions de Thibaut Vinci ne d\u00e9tonnent pas avec celles des autres candidatures autour du centre-gauche<\/b>, notamment celle de Linda Ibiem ou le mouvement de Paul Meyer et Nawel Rafik Elmrini. Le tout, alors que Catherine Trautmann cannibalise cet espace politique depuis son investiture par le PS.<\/p>\n<p class=\"p1\">Donc quel r\u00f4le peut r\u00e9ellement jouer le PRG dans cette campagne ? <b>Thibaut Vinci avait appel\u00e9 \u00e0 une primaire de la gauche et du centre-gauche en septembre, sans succ\u00e8s puisque la proposition avait presque \u00e9t\u00e9 inaudible<\/b> [et Laurine Roux, qui y avait r\u00e9pondu favorablement, a depuis rejoint Jean-Philippe Vetter, ndlr]. Depuis, les candidatures du centre-gauche se sont multipli\u00e9es, se g\u00eanant entre elles et diminuant leur impact.<\/p>\n<blockquote><p>\n        Si certains veulent la jouer solo, on peut le faire aussi et \u00e7a nous permettra de porter par nous-m\u00eames nos propositions et nos valeurs.    <\/p><\/blockquote>\n<p>            Thibaut Vinci, candidat PRG aux municipales<\/p>\n<p>    <img width=\"450\" height=\"600\" src=\"https:\/\/www.europesays.com\/fr\/wp-content\/uploads\/2025\/11\/img-8948-450x600.jpg\" class=\"attachment-image-size-M size-image-size-M\" alt=\"Galeries Lafayette cath\u00e9drale\" decoding=\"async\" loading=\"lazy\"  \/>         \u00a9 Phil Off \/ Pokaa <\/p>\n<p class=\"p1\">Pointant un risque de \u00ab\u00a0disqualifier compl\u00e8tement\u00a0\u00bb le centre-gauche avec trop de candidatures et craignant \u00ab\u00a0une r\u00e9elle chance que la droite prenne la municipalit\u00e9 en 2026\u00a0\u00bb, il pousse donc \u00e0 faire bloc derri\u00e8re une seule et m\u00eame candidature : \u00ab\u00a0<b>J\u2019ai l\u2019impression qu\u2019on peut se mettre d\u2019accord, notamment sur la vision de la gauche du r\u00e9el, sur la base d\u2019un socle programmatique commun<\/b> : justice sociale, transition \u00e9cologique concr\u00e8te, s\u00e9curit\u00e9 au quotidien, dynamisme \u00e9conomique local\u2026 \u00bb <\/p>\n<p class=\"p1\">Le seul \u00e9ternel probl\u00e8me :<b> qui accepterait de s\u2019effacer ? Et m\u00eame : est-ce que les personnalit\u00e9s politiques sont pr\u00eates \u00e0 le faire ?<\/b> Pour l\u2019instant, \u00e7a ne semble pas \u00eatre le cas, notamment du c\u00f4t\u00e9 de Thibaut Vinci : \u00ab On est la premi\u00e8re candidature, port\u00e9e par un parti avec un programme ancr\u00e9 dans le r\u00e9el. Donc potentiellement, il y a quelque chose \u00e0 faire. Et porter quelque chose de plus gros, c\u2019est aussi une ambition.\u00a0\u00bb Si les choses peuvent encore bouger, pour le moment, le centre-gauche strasbourgeois reste bien bouch\u00e9.<\/p>\n","protected":false},"excerpt":{"rendered":"\u00c0 la fin du mois de juin, Thibaut Vinci a annonc\u00e9 sa candidature aux municipales de 2026 \u00e0&hellip;\n","protected":false},"author":2,"featured_media":563437,"comment_status":"","ping_status":"","sticky":false,"template":"","format":"standard","meta":{"footnotes":""},"categories":[2820],"tags":[1111,11,1777,674,1011,27,775,3434,12,316,25,656,640,58524,56151],"class_list":{"0":"post-563436","1":"post","2":"type-post","3":"status-publish","4":"format-standard","5":"has-post-thumbnail","7":"category-strasbourg","8":"tag-actu","9":"tag-actualites","10":"tag-eu","11":"tag-europe","12":"tag-fr","13":"tag-france","14":"tag-grand-est","15":"tag-municipales-2026","16":"tag-news","17":"tag-politique","18":"tag-republique-francaise","19":"tag-securite","20":"tag-strasbourg","21":"tag-strasbourg-actualite","22":"tag-thibaut-vinci"},"share_on_mastodon":{"url":"https:\/\/pubeurope.com\/@fr\/115624713682104462","error":""},"_links":{"self":[{"href":"https:\/\/www.europesays.com\/fr\/wp-json\/wp\/v2\/posts\/563436","targetHints":{"allow":["GET"]}}],"collection":[{"href":"https:\/\/www.europesays.com\/fr\/wp-json\/wp\/v2\/posts"}],"about":[{"href":"https:\/\/www.europesays.com\/fr\/wp-json\/wp\/v2\/types\/post"}],"author":[{"embeddable":true,"href":"https:\/\/www.europesays.com\/fr\/wp-json\/wp\/v2\/users\/2"}],"replies":[{"embeddable":true,"href":"https:\/\/www.europesays.com\/fr\/wp-json\/wp\/v2\/comments?post=563436"}],"version-history":[{"count":0,"href":"https:\/\/www.europesays.com\/fr\/wp-json\/wp\/v2\/posts\/563436\/revisions"}],"wp:featuredmedia":[{"embeddable":true,"href":"https:\/\/www.europesays.com\/fr\/wp-json\/wp\/v2\/media\/563437"}],"wp:attachment":[{"href":"https:\/\/www.europesays.com\/fr\/wp-json\/wp\/v2\/media?parent=563436"}],"wp:term":[{"taxonomy":"category","embeddable":true,"href":"https:\/\/www.europesays.com\/fr\/wp-json\/wp\/v2\/categories?post=563436"},{"taxonomy":"post_tag","embeddable":true,"href":"https:\/\/www.europesays.com\/fr\/wp-json\/wp\/v2\/tags?post=563436"}],"curies":[{"name":"wp","href":"https:\/\/api.w.org\/{rel}","templated":true}]}}