{"id":56344,"date":"2025-04-27T08:01:09","date_gmt":"2025-04-27T08:01:09","guid":{"rendered":"https:\/\/www.europesays.com\/fr\/56344\/"},"modified":"2025-04-27T08:01:09","modified_gmt":"2025-04-27T08:01:09","slug":"les-ukrainiens-ont-commemore-le-39e-anniversaire-de-la-catastrophe-de-tchernobyl","status":"publish","type":"post","link":"https:\/\/www.europesays.com\/fr\/56344\/","title":{"rendered":"Les Ukrainiens ont comm\u00e9mor\u00e9 le 39e anniversaire de la catastrophe de Tchernobyl"},"content":{"rendered":"<p>Les Ukrainiens se sont rassembl\u00e9s, samedi 26 avril, pour rendre hommage aux victimes et aux \u00e9quipes de nettoyage de la plus grande catastrophe nucl\u00e9aire de l&rsquo;histoire, Tchernobyl, lors d&rsquo;une c\u00e9r\u00e9monie qui s&rsquo;est d\u00e9roul\u00e9e dans la ville de Prypyat, dans le nord du pays.<\/p>\n<p>Prypyat, qui n&rsquo;est plus qu&rsquo;une ville fant\u00f4me, abritait auparavant la centrale nucl\u00e9aire de Tchernobyl.<\/p>\n<p>Des employ\u00e9s de la centrale, des coll\u00e8gues des victimes, des survivants, leurs proches et des repr\u00e9sentants du gouvernement ont assist\u00e9 \u00e0 la c\u00e9r\u00e9monie, qui marquait le 39e anniversaire de la catastrophe de 1986.<\/p>\n<p>Les participants ont d\u00e9pos\u00e9 des fleurs au monument d\u00e9di\u00e9 aux \u00ab\u00a0liquidateurs\u00a0\u00bb &#8211; en d&rsquo;autres termes, le personnel civil et militaire qui a \u00e9t\u00e9 appel\u00e9 \u00e0 faire face aux cons\u00e9quences &#8211; et ont observ\u00e9 une minute de silence.<\/p>\n<p><img decoding=\"async\" class=\"caas-img caas-lazy has-preview\" alt=\"Des v\u00e9t\u00e9rans des op\u00e9rations de nettoyage rendent hommage aux pompiers de Tchernobyl \u00e0 l'occasion du 39e anniversaire de la catastrophe nucl\u00e9aire de Tchernobyl, \" src=\"https:\/\/www.europesays.com\/fr\/wp-content\/uploads\/2025\/04\/e55caf3ec356a41e2e960c3c5000d071.jpeg\"\/><\/p>\n<p> Des v\u00e9t\u00e9rans des op\u00e9rations de nettoyage rendent hommage aux pompiers de Tchernobyl \u00e0 l&rsquo;occasion du 39e anniversaire de la catastrophe nucl\u00e9aire de Tchernobyl,   &#8211; Efrem Lukatsky\/Copyright 2025 The AP. All rights reserved. <\/p>\n<p>Au cours de la c\u00e9r\u00e9monie, des prix d&rsquo;\u00c9tat et des distinctions honorifiques ont \u00e9t\u00e9 remis aux liquidateurs de la catastrophe de Tchernobyl, ainsi qu&rsquo;\u00e0 ceux qui ont particip\u00e9 \u00e0 l&rsquo;intervention apr\u00e8s la frappe du drone russe du 14 f\u00e9vrier 2025, qui a touch\u00e9 l&rsquo;arche du nouveau confinement s\u00fbr.<\/p>\n<p>Comme l&rsquo;a rappel\u00e9 l&rsquo;administration r\u00e9gionale de Kyiv, les forces russes se sont empar\u00e9es de la zone de Tchernobyl d\u00e8s les premiers jours de l&rsquo;invasion. Bien que les forces ukrainiennes aient lib\u00e9r\u00e9 la zone au printemps 2022, la menace nucl\u00e9aire n&rsquo;a pas disparu.<\/p>\n<p>Les soldats russes ont occup\u00e9 la \u00ab zone d&rsquo;exclusion \u00bb autour de la centrale de Tchernobyl pendant plus de cinq semaines, souffrant probablement d&rsquo;un empoisonnement aux radiations.<\/p>\n<p>Au cours de ce rassemblement, Svitlana Grinchuk, ministre ukrainienne de la protection de l&rsquo;environnement et des ressources naturelles, a exprim\u00e9 sa gratitude \u00e0 l&rsquo;\u00e9gard de ceux qui sont rest\u00e9s \u00e0 l&rsquo;usine pendant l&rsquo;invasion de l&rsquo;Ukraine par la Russie.<\/p>\n<p>\u00ab\u00a0Aujourd&rsquo;hui, je voudrais \u00e9galement saisir cette occasion pour remercier les personnes qui sont rest\u00e9es sur leur lieu de travail le 24 f\u00e9vrier 2022. Malgr\u00e9 le danger, malgr\u00e9 le fait que leur vie et leur sant\u00e9 \u00e9taient directement menac\u00e9es, ils ont assur\u00e9 le fonctionnement de la centrale et des entreprises essentielles au maintien de la radioprotection, non seulement pour l&rsquo;Ukraine, mais aussi pour l&rsquo;ensemble du continent europ\u00e9en \u00ab\u00a0, a-t-elle d\u00e9clar\u00e9.<\/p>\n<p>Selon les chiffres officiels sovi\u00e9tiques, 31 personnes sont mortes des effets imm\u00e9diats des radiations apr\u00e8s la catastrophe de 1986, et pr\u00e8s de 8,4 millions de personnes ont \u00e9t\u00e9 expos\u00e9es aux radiations au B\u00e9larus, en Russie et en Ukraine.<\/p>\n<p>L&rsquo;accident aurait provoqu\u00e9 entre 43 et 4000 morts selon<a href=\"https:\/\/web.archive.org\/web\/20090130121108\/https:\/\/www.who.int\/mediacentre\/news\/releases\/2005\/pr38\/fr\/\" rel=\"nofollow noopener\" target=\"_blank\" data-ylk=\"slk:les rapports des agences onusiennes;elm:context_link;itc:0;sec:content-canvas\" class=\"link \"> les rapports des agences onusiennes<\/a> publi\u00e9s dans des revues scientifiques, voire davantage selon diverses analyses non publi\u00e9es dans ces derni\u00e8res.<\/p>\n<p>Il est encore impossible d&rsquo;\u00e9valuer les cons\u00e9quences de cette catastrophe, mais un \u00e9norme nuage radioactif a progressivement atteint presque tous les coins de la Terre. Aujourd&rsquo;hui, les 30 kilom\u00e8tres autour de la centrale nucl\u00e9aire de Tchernobyl restent une zone d&rsquo;exclusion.<\/p>\n","protected":false},"excerpt":{"rendered":"Les Ukrainiens se sont rassembl\u00e9s, samedi 26 avril, pour rendre hommage aux victimes et aux \u00e9quipes de nettoyage&hellip;\n","protected":false},"author":2,"featured_media":56345,"comment_status":"","ping_status":"","sticky":false,"template":"","format":"standard","meta":{"footnotes":""},"categories":[1590],"tags":[11,7183,15162,1777,674,12,14922,220],"class_list":{"0":"post-56344","1":"post","2":"type-post","3":"status-publish","4":"format-standard","5":"has-post-thumbnail","7":"category-ukraine","8":"tag-actualites","9":"tag-catastrophe","10":"tag-catastrophe-nucleaire","11":"tag-eu","12":"tag-europe","13":"tag-news","14":"tag-tchernobyl","15":"tag-ukraine"},"share_on_mastodon":{"url":"https:\/\/pubeurope.com\/@fr\/114408881102761939","error":""},"_links":{"self":[{"href":"https:\/\/www.europesays.com\/fr\/wp-json\/wp\/v2\/posts\/56344","targetHints":{"allow":["GET"]}}],"collection":[{"href":"https:\/\/www.europesays.com\/fr\/wp-json\/wp\/v2\/posts"}],"about":[{"href":"https:\/\/www.europesays.com\/fr\/wp-json\/wp\/v2\/types\/post"}],"author":[{"embeddable":true,"href":"https:\/\/www.europesays.com\/fr\/wp-json\/wp\/v2\/users\/2"}],"replies":[{"embeddable":true,"href":"https:\/\/www.europesays.com\/fr\/wp-json\/wp\/v2\/comments?post=56344"}],"version-history":[{"count":0,"href":"https:\/\/www.europesays.com\/fr\/wp-json\/wp\/v2\/posts\/56344\/revisions"}],"wp:featuredmedia":[{"embeddable":true,"href":"https:\/\/www.europesays.com\/fr\/wp-json\/wp\/v2\/media\/56345"}],"wp:attachment":[{"href":"https:\/\/www.europesays.com\/fr\/wp-json\/wp\/v2\/media?parent=56344"}],"wp:term":[{"taxonomy":"category","embeddable":true,"href":"https:\/\/www.europesays.com\/fr\/wp-json\/wp\/v2\/categories?post=56344"},{"taxonomy":"post_tag","embeddable":true,"href":"https:\/\/www.europesays.com\/fr\/wp-json\/wp\/v2\/tags?post=56344"}],"curies":[{"name":"wp","href":"https:\/\/api.w.org\/{rel}","templated":true}]}}