{"id":563440,"date":"2025-11-28T01:25:17","date_gmt":"2025-11-28T01:25:17","guid":{"rendered":"https:\/\/www.europesays.com\/fr\/563440\/"},"modified":"2025-11-28T01:25:17","modified_gmt":"2025-11-28T01:25:17","slug":"gerald-darmanin-deboule-pour-une-fouille-xxl","status":"publish","type":"post","link":"https:\/\/www.europesays.com\/fr\/563440\/","title":{"rendered":"G\u00e9rald Darmanin d\u00e9boule pour une fouille XXL"},"content":{"rendered":"<p class=\"fs-5 \">D\u00e9monstration de force. Tard ce jeudi 27 novembre 2025, dans le cadre de l\u2019op\u00e9ration nationale \u00ab fouilles XXL \u00bb, <strong>40 cellules de la maison d\u2019arr\u00eat de Nice<\/strong> ont \u00e9t\u00e9 arpent\u00e9es de fond en comble par des gendarmes, policiers, chiens stups et surveillants p\u00e9nitentiaires venus de toute la r\u00e9gion.<\/p>\n<p class=\"fs-5 \">Objectif :<strong> saisir et confisquer les t\u00e9l\u00e9phones portables ainsi que de la drogue<\/strong>.<\/p>\n<p>        <img decoding=\"async\" src=\"https:\/\/www.europesays.com\/fr\/wp-content\/uploads\/2025\/11\/ARTBLOCKVIEW-10658475-1128-752-09f7708_upload-1-rujrqwcleioy-img-1640.jpg\" class=\"figure-img img-fluid rounded\" alt=\"A generic square placeholder image with rounded corners in a figure.\"\/><\/p>\n<p>Photo Alice Patalacci<\/p>\n<p class=\"fs-5 \">R\u00e9sultat : une trentaine de portables ont notamment \u00e9t\u00e9 saisis, ainsi que 200 grammes de r\u00e9sine de cannabis.<\/p>\n<p>            <img src=\"https:\/\/www.europesays.com\/fr\/wp-content\/uploads\/2025\/11\/783e330_upload-from-url-1-zy3mprvm1pdp-data-art-16678501.jpg\"   loading=\"lazy\" decoding=\"async\" alt=\"G\u00e9rald Darmanin dans les couloirs de la maison d\u2019arr\u00eat  de Grasse aux c\u00f4t\u00e9s de Thierry Alv\u00e8s, directeur interr\u00e9gional des services p\u00e9nitentiaires et Claire Doucet, directrice de la maison d\u2019arr\u00eat de Grasse.\" class=\"img-fluid position-absolute w-100 object-fit-cover rounded-2\" width=\"600\" height=\"400\"\/><\/p>\n<p class=\"fs-5 \">\u00ab Avec l\u2019\u00e9quipe du service local de police judiciaire (SLPJ) pr\u00e9sente, nous allons explorer les t\u00e9l\u00e9phones et lire les messages afin d\u2019initier des enqu\u00eates. Notre attention sera particuli\u00e8rement port\u00e9e sur les portables retrouv\u00e9s dans les cellules de d\u00e9tenus incarc\u00e9r\u00e9s pour trafic de stup\u00e9fiants et pour violences conjugales, car ils peuvent servir de moyen de pression sur les victimes \u00bb, explique Damien Martinelli, le procureur de la R\u00e9publique de Nice.<\/p>\n<p>                                                                                Le ministre \u00e0 l\u2019\u00e9coute pour une deuxi\u00e8me prison ?<\/p>\n<p class=\"fs-5 \">Pr\u00e9sent, le ministre de la Justice, G\u00e9rald Darmanin, convient que ces fouilles ne sont <strong>pas la solution aux probl\u00e8mes<\/strong> rencontr\u00e9s en prison.<\/p>\n<p class=\"fs-5 \">\u00ab J\u2019ai bien conscience que ces objets peuvent revenir par projections ou par les parloirs mais c\u2019est une premi\u00e8re \u00e9tape symbolique \u00bb, indique-t-il.<\/p>\n<p class=\"fs-5 \">Fanny Bouchard, la directrice de la maison d\u2019arr\u00eat de Nice, a insist\u00e9 sur les difficult\u00e9s li\u00e9es <strong>aux objets projet\u00e9s<\/strong> depuis les toits des immeubles voisins.<\/p>\n<p class=\"fs-5 \">\u00ab Nous pourrions couvrir la prison par un filet, des caillebotis, en attendant un \u00e9ventuel autre \u00e9tablissement \u00bb, propose le garde des Sceaux.<\/p>\n<p>        <img decoding=\"async\" src=\"https:\/\/www.europesays.com\/fr\/wp-content\/uploads\/2025\/11\/ARTBLOCKVIEW-10658475-1128-752-0a5aac4_upload-from-url-1-1j4fbja78lzt-data-art-16680960.jpg\" class=\"figure-img img-fluid rounded\" alt=\"Des gendarmes et policiers venus de toute la r\u00e9gion ont particip\u00e9 \u00e0 cette fouille massive. Simultan\u00e9ment, la m\u00eame op\u00e9ration a \u00e9t\u00e9 men\u00e9e \u00e0 la prison d\u2019Ajaccio. \"\/><\/p>\n<p>            Des gendarmes et policiers venus de toute la r\u00e9gion ont particip\u00e9 \u00e0 cette fouille massive. Simultan\u00e9ment, la m\u00eame op\u00e9ration a \u00e9t\u00e9 men\u00e9e \u00e0 la prison d\u2019Ajaccio.  \n    <\/p>\n<p class=\"fs-5 \">C\u2019est l\u2019autre sujet br\u00fblant : la <strong>surpopulation carc\u00e9rale<\/strong>.<\/p>\n<p class=\"fs-5 \">A Nice, ce taux avoisine <strong>les 200 %<\/strong>, un des plus \u00e9lev\u00e9s de France. Christian Estrosi, le maire Horizons de la ville, candidat \u00e0 sa r\u00e9\u00e9lection, a donc remis le sujet d\u2019une deuxi\u00e8me prison sur la table.<\/p>\n<p class=\"fs-5 \">\u00ab Je dois lui faire visiter des sites dans les prochaines semaines. Je pense l\u2019avoir convaincu avec une ou deux propositions que je nourris depuis plusieurs ann\u00e9es. \u00c7a fait longtemps qu\u2019on n\u2019a pas eu un garde des Sceaux aussi averti et d\u00e9termin\u00e9 que G\u00e9rald Darmanin \u00bb, se r\u00e9jouit Christian Estrosi, qui ne cache pas son inimit\u00e9 pour le pr\u00e9c\u00e9dent ministre de la Justice, \u00c9ric Dupond-Moretti.<\/p>\n<p class=\"fs-5 \">L\u2019an dernier, sans avoir men\u00e9 ces fouilles d\u2019envergure, <strong>80.000 objets interdits ont \u00e9t\u00e9 saisis<\/strong> dans les cellules fran\u00e7aises.<\/p>\n<p class=\"fs-5 \">Cette ann\u00e9e, la p\u00eache devrait \u00eatre encore plus fructueuse.<\/p>\n<p class=\"fs-5 \">G\u00e9rald Darmanin \u00e9tait en visite \u00e0 Grasse ce jeudi 27 novembre, o\u00f9 il a notamment visit\u00e9 la maison d\u2019arr\u00eat, rencontr\u00e9 ses personnels et donn\u00e9 son <strong>feu vert \u00e0 l\u2019extension de l\u2019\u00e9tablissement p\u00e9nitentiaire<\/strong>, avec un objectif de 200 places suppl\u00e9mentaires d\u2019ici deux ans.<\/p>\n","protected":false},"excerpt":{"rendered":"D\u00e9monstration de force. Tard ce jeudi 27 novembre 2025, dans le cadre de l\u2019op\u00e9ration nationale \u00ab fouilles XXL&hellip;\n","protected":false},"author":2,"featured_media":563441,"comment_status":"","ping_status":"","sticky":false,"template":"","format":"standard","meta":{"footnotes":""},"categories":[2819],"tags":[1111,11,1777,674,1011,27,12,2401,882,25],"class_list":{"0":"post-563440","1":"post","2":"type-post","3":"status-publish","4":"format-standard","5":"has-post-thumbnail","7":"category-nice","8":"tag-actu","9":"tag-actualites","10":"tag-eu","11":"tag-europe","12":"tag-fr","13":"tag-france","14":"tag-news","15":"tag-nice","16":"tag-provence-alpes-cote-dazur","17":"tag-republique-francaise"},"share_on_mastodon":{"url":"https:\/\/pubeurope.com\/@fr\/115624721080642355","error":""},"_links":{"self":[{"href":"https:\/\/www.europesays.com\/fr\/wp-json\/wp\/v2\/posts\/563440","targetHints":{"allow":["GET"]}}],"collection":[{"href":"https:\/\/www.europesays.com\/fr\/wp-json\/wp\/v2\/posts"}],"about":[{"href":"https:\/\/www.europesays.com\/fr\/wp-json\/wp\/v2\/types\/post"}],"author":[{"embeddable":true,"href":"https:\/\/www.europesays.com\/fr\/wp-json\/wp\/v2\/users\/2"}],"replies":[{"embeddable":true,"href":"https:\/\/www.europesays.com\/fr\/wp-json\/wp\/v2\/comments?post=563440"}],"version-history":[{"count":0,"href":"https:\/\/www.europesays.com\/fr\/wp-json\/wp\/v2\/posts\/563440\/revisions"}],"wp:featuredmedia":[{"embeddable":true,"href":"https:\/\/www.europesays.com\/fr\/wp-json\/wp\/v2\/media\/563441"}],"wp:attachment":[{"href":"https:\/\/www.europesays.com\/fr\/wp-json\/wp\/v2\/media?parent=563440"}],"wp:term":[{"taxonomy":"category","embeddable":true,"href":"https:\/\/www.europesays.com\/fr\/wp-json\/wp\/v2\/categories?post=563440"},{"taxonomy":"post_tag","embeddable":true,"href":"https:\/\/www.europesays.com\/fr\/wp-json\/wp\/v2\/tags?post=563440"}],"curies":[{"name":"wp","href":"https:\/\/api.w.org\/{rel}","templated":true}]}}