{"id":563444,"date":"2025-11-28T01:27:17","date_gmt":"2025-11-28T01:27:17","guid":{"rendered":"https:\/\/www.europesays.com\/fr\/563444\/"},"modified":"2025-11-28T01:27:17","modified_gmt":"2025-11-28T01:27:17","slug":"le-salon-de-letudiant-a-nantes-cest-les-28-et-29-novembre-3","status":"publish","type":"post","link":"https:\/\/www.europesays.com\/fr\/563444\/","title":{"rendered":"Le salon de l\u2019\u00e9tudiant \u00e0 Nantes, c\u2019est les 28 et 29\u00a0novembre"},"content":{"rendered":"<p>Une nouvelle saison de Parcoursup s\u2019ouvre \u00e0 compter du 17\u00a0d\u00e9cembre 2025. C\u2019est dans ce contexte que le m\u00e9dia  <a href=\"https:\/\/www.letudiant.fr\/\" target=\"_blank\" rel=\"noopener\">L\u2019\u00c9tudiant<\/a>  organise, vendredi\u00a028 et samedi 29\u00a0novembre 2025, au Parc-Expo de la Beaujoire, la 15e \u00e9dition de son salon du lyc\u00e9en et de l\u2019\u00e9tudiant, en partenariat avec la Ville de Nantes et Nantes universit\u00e9.<\/p>\n<p>Entr\u00e9e libre<\/p>\n<p>Vingt-trois mille\u00a0visiteurs sont annonc\u00e9s et plus de deux cents\u00a0acteurs mobilis\u00e9s pour apporter des r\u00e9ponses aux projets d\u2019orientation. En parall\u00e8le, des conf\u00e9rences sont organis\u00e9es sur les deux journ\u00e9es (\u00eatre parent d\u2019un jeune qui s\u2019oriente, int\u00e9grer une classe pr\u00e9pa\u2026).<\/p>\n<p>Le salon est ouvert de 9 \u00e0 17\u00a0heures vendredi et de 9 \u00e0 18\u00a0heures samedi. Entr\u00e9e libre.<\/p>\n<p>\u00a0<\/p>\n","protected":false},"excerpt":{"rendered":"Une nouvelle saison de Parcoursup s\u2019ouvre \u00e0 compter du 17\u00a0d\u00e9cembre 2025. C\u2019est dans ce contexte que le m\u00e9dia&hellip;\n","protected":false},"author":2,"featured_media":562743,"comment_status":"","ping_status":"","sticky":false,"template":"","format":"standard","meta":{"footnotes":""},"categories":[2818],"tags":[8129,15539,1111,11,4081,1777,674,1011,27,766,12,24649,2636,25,6290],"class_list":{"0":"post-563444","1":"post","2":"type-post","3":"status-publish","4":"format-standard","5":"has-post-thumbnail","7":"category-nantes","8":"tag-8129","9":"tag-15539","10":"tag-actu","11":"tag-actualites","12":"tag-etudiant","13":"tag-eu","14":"tag-europe","15":"tag-fr","16":"tag-france","17":"tag-nantes","18":"tag-news","19":"tag-novembre","20":"tag-pays-de-la-loire","21":"tag-republique-francaise","22":"tag-salon"},"share_on_mastodon":{"url":"https:\/\/pubeurope.com\/@fr\/115624728835675834","error":""},"_links":{"self":[{"href":"https:\/\/www.europesays.com\/fr\/wp-json\/wp\/v2\/posts\/563444","targetHints":{"allow":["GET"]}}],"collection":[{"href":"https:\/\/www.europesays.com\/fr\/wp-json\/wp\/v2\/posts"}],"about":[{"href":"https:\/\/www.europesays.com\/fr\/wp-json\/wp\/v2\/types\/post"}],"author":[{"embeddable":true,"href":"https:\/\/www.europesays.com\/fr\/wp-json\/wp\/v2\/users\/2"}],"replies":[{"embeddable":true,"href":"https:\/\/www.europesays.com\/fr\/wp-json\/wp\/v2\/comments?post=563444"}],"version-history":[{"count":0,"href":"https:\/\/www.europesays.com\/fr\/wp-json\/wp\/v2\/posts\/563444\/revisions"}],"wp:featuredmedia":[{"embeddable":true,"href":"https:\/\/www.europesays.com\/fr\/wp-json\/wp\/v2\/media\/562743"}],"wp:attachment":[{"href":"https:\/\/www.europesays.com\/fr\/wp-json\/wp\/v2\/media?parent=563444"}],"wp:term":[{"taxonomy":"category","embeddable":true,"href":"https:\/\/www.europesays.com\/fr\/wp-json\/wp\/v2\/categories?post=563444"},{"taxonomy":"post_tag","embeddable":true,"href":"https:\/\/www.europesays.com\/fr\/wp-json\/wp\/v2\/tags?post=563444"}],"curies":[{"name":"wp","href":"https:\/\/api.w.org\/{rel}","templated":true}]}}