{"id":563445,"date":"2025-11-28T01:28:13","date_gmt":"2025-11-28T01:28:13","guid":{"rendered":"https:\/\/www.europesays.com\/fr\/563445\/"},"modified":"2025-11-28T01:28:13","modified_gmt":"2025-11-28T01:28:13","slug":"previsions-du-vendredi-28-novembre-2025-3","status":"publish","type":"post","link":"https:\/\/www.europesays.com\/fr\/563445\/","title":{"rendered":"pr\u00e9visions du vendredi 28 novembre 2025"},"content":{"rendered":"<p>Aujourd&rsquo;hui, le mercure affichera 12\u00b0C en moyenne \u00e0 Nantes. Le matin, le soleil sera dissimul\u00e9 derri\u00e8re des nuages. De la pluie est attendue. Il va faire environ 13\u00b0C. Un vent de sud-ouest rafra\u00eechira sensiblement l&rsquo;atmosph\u00e8re. Dans l&rsquo;apr\u00e8s-midi, des pluies \u00e9parses sont pr\u00e9vues. Les valeurs iront de 11 \u00e0 14\u00b0C. La m\u00e9t\u00e9o devrait s&rsquo;am\u00e9liorer pendant la soir\u00e9e. Les temp\u00e9ratures tourneront autour des 10\u00b0C. Une nuit l\u00e9g\u00e8rement voil\u00e9e vous attendra entre vendredi et samedi.<\/p>\n<p>Demain, Nantes devra encore patienter avant que les nuages ne se dissipent. Il faudra emporter son parapluie pour s&rsquo;abriter des pluies \u00e9parses. Les temp\u00e9ratures vont baisser de quelques degr\u00e9s. Les valeurs s&rsquo;\u00e9chelonneront entre 7 et 14\u00b0C. Une l\u00e9g\u00e8re brise de sud-ouest sera ressentie par les habitants. Le soleil peinera \u00e0 percer au milieu des nuages qui perdureront dans la matin\u00e9e. Il fera 12\u00b0C en moyenne. L&rsquo;apr\u00e8s-midi va rester voil\u00e9 \u00e0 cause de nuages qui persistent dans le ciel. Les temp\u00e9ratures afficheront entre 9 et 14\u00b0C. Les nuages \u00e0 pr\u00e9voir demain soir, et un ciel encore gris. Les temp\u00e9ratures tourneront autour des 9\u00b0C.<\/p>\n<p>\u00c0 la suite d&rsquo;une journ\u00e9e ensoleill\u00e9e dimanche, on pr\u00e9voit une d\u00e9gradation lundi.<\/p>\n<p><\/p>\n","protected":false},"excerpt":{"rendered":"Aujourd&rsquo;hui, le mercure affichera 12\u00b0C en moyenne \u00e0 Nantes. Le matin, le soleil sera dissimul\u00e9 derri\u00e8re des nuages.&hellip;\n","protected":false},"author":2,"featured_media":563446,"comment_status":"","ping_status":"","sticky":false,"template":"","format":"standard","meta":{"footnotes":""},"categories":[2818],"tags":[1111,11,1777,674,1011,27,766,12,2636,2119,25],"class_list":{"0":"post-563445","1":"post","2":"type-post","3":"status-publish","4":"format-standard","5":"has-post-thumbnail","7":"category-nantes","8":"tag-actu","9":"tag-actualites","10":"tag-eu","11":"tag-europe","12":"tag-fr","13":"tag-france","14":"tag-nantes","15":"tag-news","16":"tag-pays-de-la-loire","17":"tag-previsions-meteo","18":"tag-republique-francaise"},"share_on_mastodon":{"url":"https:\/\/pubeurope.com\/@fr\/115624732856795585","error":""},"_links":{"self":[{"href":"https:\/\/www.europesays.com\/fr\/wp-json\/wp\/v2\/posts\/563445","targetHints":{"allow":["GET"]}}],"collection":[{"href":"https:\/\/www.europesays.com\/fr\/wp-json\/wp\/v2\/posts"}],"about":[{"href":"https:\/\/www.europesays.com\/fr\/wp-json\/wp\/v2\/types\/post"}],"author":[{"embeddable":true,"href":"https:\/\/www.europesays.com\/fr\/wp-json\/wp\/v2\/users\/2"}],"replies":[{"embeddable":true,"href":"https:\/\/www.europesays.com\/fr\/wp-json\/wp\/v2\/comments?post=563445"}],"version-history":[{"count":0,"href":"https:\/\/www.europesays.com\/fr\/wp-json\/wp\/v2\/posts\/563445\/revisions"}],"wp:featuredmedia":[{"embeddable":true,"href":"https:\/\/www.europesays.com\/fr\/wp-json\/wp\/v2\/media\/563446"}],"wp:attachment":[{"href":"https:\/\/www.europesays.com\/fr\/wp-json\/wp\/v2\/media?parent=563445"}],"wp:term":[{"taxonomy":"category","embeddable":true,"href":"https:\/\/www.europesays.com\/fr\/wp-json\/wp\/v2\/categories?post=563445"},{"taxonomy":"post_tag","embeddable":true,"href":"https:\/\/www.europesays.com\/fr\/wp-json\/wp\/v2\/tags?post=563445"}],"curies":[{"name":"wp","href":"https:\/\/api.w.org\/{rel}","templated":true}]}}