{"id":563447,"date":"2025-11-28T01:29:22","date_gmt":"2025-11-28T01:29:22","guid":{"rendered":"https:\/\/www.europesays.com\/fr\/563447\/"},"modified":"2025-11-28T01:29:22","modified_gmt":"2025-11-28T01:29:22","slug":"uber-eats-debarque-dans-une-petite-ville-de-gironde","status":"publish","type":"post","link":"https:\/\/www.europesays.com\/fr\/563447\/","title":{"rendered":"Uber Eats d\u00e9barque dans une petite ville de Gironde"},"content":{"rendered":"<p>Le service de livraison de repas Uber Eats poursuit son expansion en Gironde. Apr\u00e8s Libourne, Coutras et Castillon-la-Bataille, la plateforme de livraison s\u2019installe d\u00e9sormais \u00e0 Sainte-Foy-la-Grande, renfor\u00e7ant sa pr\u00e9sence dans l\u2019est du d\u00e9partement.<\/p>\n<p>Depuis ce jeudi, les habitants foyens peuvent commander leurs repas directement depuis l\u2019application, que ce soit pour le <strong>petit-d\u00e9jeuner, le d\u00e9jeuner ou le d\u00eener<\/strong>. Les livraisons sont assur\u00e9es <strong>sans minimum de commande<\/strong>, sur des plages horaires \u00e9tendues : <strong>de 11 h \u00e0 14 h 30<\/strong> puis <strong>de 18 h \u00e0 23 h<\/strong>. Les utilisateurs b\u00e9n\u00e9ficient d\u2019une livraison rapide, estim\u00e9e \u00e0 <strong>moins de trente minutes<\/strong>, selon la distance et le trafic.<\/p>\n<p>Pour son lancement, <strong>six restaurants locaux<\/strong> participent d\u00e9j\u00e0 \u00e0 l\u2019aventure : Fan\u2019s Tacos, Fou De Tha\u00ef, McDonald\u2019s, One Pizz\u2019, Pizz\u2019Appel et Pronto 33. Cette collaboration offre aux restaurateurs une <strong>visibilit\u00e9 accrue<\/strong> aupr\u00e8s de nouveaux clients et la possibilit\u00e9 d\u2019augmenter leur chiffre d\u2019affaires gr\u00e2ce \u00e0 la commande en ligne.<\/p>\n<p><img fetchpriority=\"high\" decoding=\"async\" width=\"1024\" height=\"682\" src=\"https:\/\/www.europesays.com\/fr\/wp-content\/uploads\/2025\/11\/uber-eats-1024x682.jpg\" alt=\"\" class=\"wp-image-86981\"  \/>Le service de livraison de repas Uber Eats poursuit son expansion en Gironde. <\/p>\n<p>Selon <strong>Maxime Delevaux<\/strong>, responsable du d\u00e9veloppement d\u2019Uber Eats en France, la priorit\u00e9 des prochaines semaines sera \u00ab d\u2019\u00e9largir la zone de livraison et de nouer de nouveaux partenariats avec les \u00e9tablissements locaux \u00bb. L\u2019objectif : proposer toujours plus de choix et rapprocher les habitants de leurs commerces de proximit\u00e9.<\/p>\n<p>Pr\u00e9sente aujourd\u2019hui dans plus de <strong>500 agglom\u00e9rations fran\u00e7aises<\/strong>, Uber Eats revendique couvrir <strong>pr\u00e8s de 85 % de la population nationale<\/strong> et <strong>plus de 95 % de celle de la Gironde<\/strong>. Avec cette nouvelle implantation, la plateforme confirme sa <strong>strat\u00e9gie de maillage territorial<\/strong> et sa volont\u00e9 de rendre la livraison de repas accessible \u00e0 un maximum de foyers, y compris dans les zones semi-rurales comme celle de <strong>Sainte-Foy-la-Grande<\/strong>.<\/p>\n<p>A lire : <a href=\"https:\/\/www.bougerabordeaux.com\/actu\/nouvelle-liaison-tgv-bordeaux-lyon-un-trajet-de-5-heures-des-2027\/\" target=\"_blank\" rel=\"noopener\">Nouvelle liaison TGV Bordeaux\u2013Lyon : un trajet de 5 heures d\u00e8s 2027<\/a><\/p>\n","protected":false},"excerpt":{"rendered":"Le service de livraison de repas Uber Eats poursuit son expansion en Gironde. Apr\u00e8s Libourne, Coutras et Castillon-la-Bataille,&hellip;\n","protected":false},"author":2,"featured_media":563448,"comment_status":"","ping_status":"","sticky":false,"template":"","format":"standard","meta":{"footnotes":""},"categories":[2817],"tags":[1111,11,1997,1777,674,1011,27,12,2219,25],"class_list":{"0":"post-563447","1":"post","2":"type-post","3":"status-publish","4":"format-standard","5":"has-post-thumbnail","7":"category-bordeaux","8":"tag-actu","9":"tag-actualites","10":"tag-bordeaux","11":"tag-eu","12":"tag-europe","13":"tag-fr","14":"tag-france","15":"tag-news","16":"tag-nouvelle-aquitaine","17":"tag-republique-francaise"},"share_on_mastodon":{"url":"https:\/\/pubeurope.com\/@fr\/115624736619489715","error":""},"_links":{"self":[{"href":"https:\/\/www.europesays.com\/fr\/wp-json\/wp\/v2\/posts\/563447","targetHints":{"allow":["GET"]}}],"collection":[{"href":"https:\/\/www.europesays.com\/fr\/wp-json\/wp\/v2\/posts"}],"about":[{"href":"https:\/\/www.europesays.com\/fr\/wp-json\/wp\/v2\/types\/post"}],"author":[{"embeddable":true,"href":"https:\/\/www.europesays.com\/fr\/wp-json\/wp\/v2\/users\/2"}],"replies":[{"embeddable":true,"href":"https:\/\/www.europesays.com\/fr\/wp-json\/wp\/v2\/comments?post=563447"}],"version-history":[{"count":0,"href":"https:\/\/www.europesays.com\/fr\/wp-json\/wp\/v2\/posts\/563447\/revisions"}],"wp:featuredmedia":[{"embeddable":true,"href":"https:\/\/www.europesays.com\/fr\/wp-json\/wp\/v2\/media\/563448"}],"wp:attachment":[{"href":"https:\/\/www.europesays.com\/fr\/wp-json\/wp\/v2\/media?parent=563447"}],"wp:term":[{"taxonomy":"category","embeddable":true,"href":"https:\/\/www.europesays.com\/fr\/wp-json\/wp\/v2\/categories?post=563447"},{"taxonomy":"post_tag","embeddable":true,"href":"https:\/\/www.europesays.com\/fr\/wp-json\/wp\/v2\/tags?post=563447"}],"curies":[{"name":"wp","href":"https:\/\/api.w.org\/{rel}","templated":true}]}}