{"id":563449,"date":"2025-11-28T01:30:38","date_gmt":"2025-11-28T01:30:38","guid":{"rendered":"https:\/\/www.europesays.com\/fr\/563449\/"},"modified":"2025-11-28T01:30:38","modified_gmt":"2025-11-28T01:30:38","slug":"les-jsa-bordeaux-doivent-confirmer-a-reze","status":"publish","type":"post","link":"https:\/\/www.europesays.com\/fr\/563449\/","title":{"rendered":"les JSA Bordeaux doivent confirmer \u00e0 Rez\u00e9"},"content":{"rendered":"<p>Le week-end dernier en coupe de France et bien que malmen\u00e9s lors du premier quart-temps (13-31), les Bordelais se sont finalement impos\u00e9s face \u00e0 une accrocheuse formation de Castelnau-M\u00e9doc (71-70). De quoi redonner encore un peu de confiance \u00e0 un groupe qui panse peu \u00e0 peu ses plaies avec le retour samedi dernier d\u2019un bless\u00e9 de longue date en la personne d\u2019Antoine Bibollet-Ruche.<\/p>\n<p>Bon \u00e0 prendre<\/p>\n<p>Samedi soir, les prot\u00e9g\u00e9s de Thomas Vincent retrouvent le championnat avec un d\u00e9placement p\u00e9rilleux \u00e0 Rez\u00e9. Bien que 12e, la formation de Loire-Atlantique vaut assur\u00e9ment bien mieux que son classement et ses deux victoires en neuf rencontres. Le RB44 poss\u00e8de en effet un effectif de qualit\u00e9 avec notamment le meneur international alg\u00e9rien, Zayd Yahiaoui (17,13 points de moyenne). La m\u00e9fiance sera donc de mise c\u00f4t\u00e9 JSA m\u00eame si Rez\u00e9 s\u2019av\u00e8re bon \u00e0 prendre \u00e0 domicile avec \u00e0 leur actif une seule victoire en 5 matchs.<\/p>\n<p>Le match<\/p>\n","protected":false},"excerpt":{"rendered":"Le week-end dernier en coupe de France et bien que malmen\u00e9s lors du premier quart-temps (13-31), les Bordelais&hellip;\n","protected":false},"author":2,"featured_media":563450,"comment_status":"","ping_status":"","sticky":false,"template":"","format":"standard","meta":{"footnotes":""},"categories":[2817],"tags":[1111,11,1997,1777,674,1011,27,12,2219,25],"class_list":{"0":"post-563449","1":"post","2":"type-post","3":"status-publish","4":"format-standard","5":"has-post-thumbnail","7":"category-bordeaux","8":"tag-actu","9":"tag-actualites","10":"tag-bordeaux","11":"tag-eu","12":"tag-europe","13":"tag-fr","14":"tag-france","15":"tag-news","16":"tag-nouvelle-aquitaine","17":"tag-republique-francaise"},"share_on_mastodon":{"url":"https:\/\/pubeurope.com\/@fr\/115624740529259818","error":""},"_links":{"self":[{"href":"https:\/\/www.europesays.com\/fr\/wp-json\/wp\/v2\/posts\/563449","targetHints":{"allow":["GET"]}}],"collection":[{"href":"https:\/\/www.europesays.com\/fr\/wp-json\/wp\/v2\/posts"}],"about":[{"href":"https:\/\/www.europesays.com\/fr\/wp-json\/wp\/v2\/types\/post"}],"author":[{"embeddable":true,"href":"https:\/\/www.europesays.com\/fr\/wp-json\/wp\/v2\/users\/2"}],"replies":[{"embeddable":true,"href":"https:\/\/www.europesays.com\/fr\/wp-json\/wp\/v2\/comments?post=563449"}],"version-history":[{"count":0,"href":"https:\/\/www.europesays.com\/fr\/wp-json\/wp\/v2\/posts\/563449\/revisions"}],"wp:featuredmedia":[{"embeddable":true,"href":"https:\/\/www.europesays.com\/fr\/wp-json\/wp\/v2\/media\/563450"}],"wp:attachment":[{"href":"https:\/\/www.europesays.com\/fr\/wp-json\/wp\/v2\/media?parent=563449"}],"wp:term":[{"taxonomy":"category","embeddable":true,"href":"https:\/\/www.europesays.com\/fr\/wp-json\/wp\/v2\/categories?post=563449"},{"taxonomy":"post_tag","embeddable":true,"href":"https:\/\/www.europesays.com\/fr\/wp-json\/wp\/v2\/tags?post=563449"}],"curies":[{"name":"wp","href":"https:\/\/api.w.org\/{rel}","templated":true}]}}