{"id":563451,"date":"2025-11-28T01:31:12","date_gmt":"2025-11-28T01:31:12","guid":{"rendered":"https:\/\/www.europesays.com\/fr\/563451\/"},"modified":"2025-11-28T01:31:12","modified_gmt":"2025-11-28T01:31:12","slug":"legapole-affine-sa-strategie","status":"publish","type":"post","link":"https:\/\/www.europesays.com\/fr\/563451\/","title":{"rendered":"L\u00e9gap\u00f4le affine sa strat\u00e9gie"},"content":{"rendered":"<p>L\u00e9gap\u00f4le continue d\u2019\u00e9toffer ses \u00e9quipes. Le groupement de professionnels du chiffre et du droit vient d\u2019accueillir un troisi\u00e8me cabinet d\u2019avocats en droit des affaires. \u00ab\u00a0Ma\u00eetre Pantz intervient en droit du num\u00e9rique et de la propri\u00e9t\u00e9 intellectuelle et Ma\u00eetre Capeller-Arnaud en droit fiscal. Ma\u00eetre Gabriac nous apporte d\u00e9sormais sa comp\u00e9tence en droit social\u00a0\u00bb, se f\u00e9licite Florent Poitevin. Le pr\u00e9sident du groupe souhaite ajouter d\u2019autres cordes \u00e0 son arc en recrutant des experts du droit public, droit immobilier et droit de la famille dans les prochains mois.<\/p>\n<p>Un moyen de consolider encore le mod\u00e8le L\u00e9gap\u00f4le, unique en son genre. \u00ab\u00a0Un nom, un toit\u00a0\u00bb, r\u00e9sume Florent Poitevin. \u00c0 ce jour, le groupement rassemble ainsi sept professions sur le m\u00eame site et sous la m\u00eame banni\u00e8re\u00a0: notaires, avocats, experts-comptables, courtiers, g\u00e9om\u00e8tres experts, conseillers en gestion de patrimoine et experts de l\u2019immobilier. \u00ab\u00a0Nous proposons des solutions, le client dispose\u00a0: s\u2019il a d\u00e9j\u00e0 des partenaires, il les garde, nous travaillerons avec eux\u00a0\u00bb, d\u00e9taille-t-il.<br class=\"autobr\"\/><br \/>\nUne approche de l\u2019interprofessionnalit\u00e9 ultrapouss\u00e9e, autant que le permettent les limites fix\u00e9es par chaque ordre, qui continue d\u2019intriguer dans le paysage des professions r\u00e9glement\u00e9es. \u00ab\u00a0Notre mod\u00e8le surprend, il peut d\u00e9ranger. Nous, ce que l\u2019on voit, c\u2019est que nos clients sont ultrasatisfaits\u00a0: ils gagnent du temps et se sentent en confiance\u00a0\u00bb, souligne le pr\u00e9sident.<\/p>\n<p>Vers une expansion g\u00e9ographique<\/p>\n<p>Du c\u00f4t\u00e9 des professionnels, chacun conserve son ind\u00e9pendance mais b\u00e9n\u00e9ficie de la force du collectif, moteur de l\u2019activit\u00e9. \u00ab\u00a0Aucune r\u00e9trocession ou r\u00e9tribution financi\u00e8re entre nous\u00a0\u00bb, pr\u00e9cise toutefois Florent Poitevin. Dans une conjoncture \u00ab\u00a0difficile pour tout le monde\u00a0\u00bb, le groupement s\u2019av\u00e8re tout autant b\u00e9n\u00e9fique pour le moral des troupes. \u00ab\u00a0Nous exer\u00e7ons des m\u00e9tiers tr\u00e8s solitaires\u00a0: ensemble, on partage nos probl\u00e9matiques. On a cr\u00e9\u00e9 le groupement dans une p\u00e9riode o\u00f9 tout allait bien pour \u00eatre capable de traverser les crises, et \u00e7a fonctionne\u00a0\u00bb, ajoute-t-il.<\/p>\n<p>Pr\u00e8s de quatre-vingts personnes travaillent au si\u00e8ge toulousain, qui pourrait en accueillir jusqu\u2019\u00e0 une centaine. Car le groupe ambitionne de grossir, de mani\u00e8re r\u00e9fl\u00e9chie. \u00ab\u00a0Grandir trop vite n\u2019est pas toujours la meilleure option\u00a0\u00bb, constate le pr\u00e9sident. L\u2019an dernier, <a href=\"https:\/\/www.touleco.fr\/Changements-strategiques-chez-Legapole,42736\" class=\"spip_in\" target=\"_blank\" rel=\"noopener\">le groupement avait op\u00e9r\u00e9 un repli strat\u00e9gique<\/a>, se s\u00e9parant de ses \u00e9quipes de Tarbes, Pau et Biarritz pour se focaliser sur son fief toulousain, route d\u2019Espagne. Un recul calcul\u00e9, pour mieux repartir de l\u2019avant\u00a0: une fois l\u2019assise toulousaine bien \u00e9tablie, L\u00e9gap\u00f4le entend repartir \u00e0 la conqu\u00eate d\u2019autres territoires en d\u00e9ployant de nouveau son mod\u00e8le de mani\u00e8re concentrique dans les grandes m\u00e9tropoles, telles que Bordeaux ou Montpellier. <br class=\"autobr\"\/><br \/>\nMarie-Dominique Lacour<\/p>\n<p>Photo\u00a0: De gauche \u00e0 droite, Me Alexandrine Pantz, Me Daniel Capeller-Arnaud, Florent Poitevin (pr\u00e9sident de L\u00e9gap\u00f4le) et Me Priscilla Gabriac. Cr\u00e9dits\u00a0: L\u00e9gap\u00f4le.<\/p>\n","protected":false},"excerpt":{"rendered":"L\u00e9gap\u00f4le continue d\u2019\u00e9toffer ses \u00e9quipes. Le groupement de professionnels du chiffre et du droit vient d\u2019accueillir un troisi\u00e8me&hellip;\n","protected":false},"author":2,"featured_media":563452,"comment_status":"","ping_status":"","sticky":false,"template":"","format":"standard","meta":{"footnotes":""},"categories":[2816],"tags":[1111,11,6084,1777,674,1011,27,67960,12,62320,2680,25,2312],"class_list":{"0":"post-563451","1":"post","2":"type-post","3":"status-publish","4":"format-standard","5":"has-post-thumbnail","7":"category-toulouse","8":"tag-actu","9":"tag-actualites","10":"tag-droit","11":"tag-eu","12":"tag-europe","13":"tag-fr","14":"tag-france","15":"tag-legapole","16":"tag-news","17":"tag-notariat","18":"tag-occitanie","19":"tag-republique-francaise","20":"tag-toulouse"},"share_on_mastodon":{"url":"https:\/\/pubeurope.com\/@fr\/115624744393189418","error":""},"_links":{"self":[{"href":"https:\/\/www.europesays.com\/fr\/wp-json\/wp\/v2\/posts\/563451","targetHints":{"allow":["GET"]}}],"collection":[{"href":"https:\/\/www.europesays.com\/fr\/wp-json\/wp\/v2\/posts"}],"about":[{"href":"https:\/\/www.europesays.com\/fr\/wp-json\/wp\/v2\/types\/post"}],"author":[{"embeddable":true,"href":"https:\/\/www.europesays.com\/fr\/wp-json\/wp\/v2\/users\/2"}],"replies":[{"embeddable":true,"href":"https:\/\/www.europesays.com\/fr\/wp-json\/wp\/v2\/comments?post=563451"}],"version-history":[{"count":0,"href":"https:\/\/www.europesays.com\/fr\/wp-json\/wp\/v2\/posts\/563451\/revisions"}],"wp:featuredmedia":[{"embeddable":true,"href":"https:\/\/www.europesays.com\/fr\/wp-json\/wp\/v2\/media\/563452"}],"wp:attachment":[{"href":"https:\/\/www.europesays.com\/fr\/wp-json\/wp\/v2\/media?parent=563451"}],"wp:term":[{"taxonomy":"category","embeddable":true,"href":"https:\/\/www.europesays.com\/fr\/wp-json\/wp\/v2\/categories?post=563451"},{"taxonomy":"post_tag","embeddable":true,"href":"https:\/\/www.europesays.com\/fr\/wp-json\/wp\/v2\/tags?post=563451"}],"curies":[{"name":"wp","href":"https:\/\/api.w.org\/{rel}","templated":true}]}}