{"id":563453,"date":"2025-11-28T01:32:13","date_gmt":"2025-11-28T01:32:13","guid":{"rendered":"https:\/\/www.europesays.com\/fr\/563453\/"},"modified":"2025-11-28T01:32:13","modified_gmt":"2025-11-28T01:32:13","slug":"previsions-du-vendredi-28-novembre-2025-4","status":"publish","type":"post","link":"https:\/\/www.europesays.com\/fr\/563453\/","title":{"rendered":"pr\u00e9visions du vendredi 28 novembre 2025"},"content":{"rendered":"<p>\u00c0 Toulouse, petits et grands pourront passer leur journ\u00e9e sous un ciel l\u00e9g\u00e8rement nuageux. Les maximales iront jusqu&rsquo;\u00e0 11\u00b0C et les minimales seront de 3\u00b0C. Les Toulousains vont avoir froid le matin : les temp\u00e9ratures ne vont pas d\u00e9passer 9\u00b0C. Une l\u00e9g\u00e8re brise de sud-est soufflera. Le temps va se r\u00e9chauffer l&rsquo;apr\u00e8s-midi avec une hausse de quelques degr\u00e9s. Les temp\u00e9ratures s&rsquo;\u00e9chelonneront entre 8 et 11\u00b0C. La ville aura quelques \u00e9claircies le soir. C&rsquo;est un ciel limpide que conna\u00eetra la nuit de vendredi \u00e0 samedi.<\/p>\n<p>Pour Toulouse, une m\u00e9t\u00e9o plus chaude est \u00e0 pr\u00e9voir demain puisque les temp\u00e9ratures vont enregistrer une augmentation. Les valeurs afficheront entre 5 et 13\u00b0C. Un vent de sud-est rafra\u00eechira sensiblement l&rsquo;atmosph\u00e8re. Le temps devrait s&rsquo;am\u00e9liorer durant la matin\u00e9e. Il va faire 7\u00b0C en moyenne. Le soleil sera au rendez-vous : un magnifique apr\u00e8s-midi se pr\u00e9sente ! Les temp\u00e9ratures vont conna\u00eetre une hausse de plusieurs degr\u00e9s. Les valeurs seront de 10\u00b0C au plus bas et de 13\u00b0C au maximum. Apr\u00e8s un rapide passage nuageux, on pr\u00e9voit une embellie pour cette soir\u00e9e.<\/p>\n<p>La m\u00e9t\u00e9o sera assez instable les jours qui suivent. Le temps sera pluvieux dimanche mais il conna\u00eetra une am\u00e9lioration lundi.<\/p>\n<p><\/p>\n","protected":false},"excerpt":{"rendered":"\u00c0 Toulouse, petits et grands pourront passer leur journ\u00e9e sous un ciel l\u00e9g\u00e8rement nuageux. Les maximales iront jusqu&rsquo;\u00e0&hellip;\n","protected":false},"author":2,"featured_media":563454,"comment_status":"","ping_status":"","sticky":false,"template":"","format":"standard","meta":{"footnotes":""},"categories":[2816],"tags":[1111,11,1777,674,1011,27,12,2680,2119,25,2312],"class_list":{"0":"post-563453","1":"post","2":"type-post","3":"status-publish","4":"format-standard","5":"has-post-thumbnail","7":"category-toulouse","8":"tag-actu","9":"tag-actualites","10":"tag-eu","11":"tag-europe","12":"tag-fr","13":"tag-france","14":"tag-news","15":"tag-occitanie","16":"tag-previsions-meteo","17":"tag-republique-francaise","18":"tag-toulouse"},"share_on_mastodon":{"url":"https:\/\/pubeurope.com\/@fr\/115624748459168094","error":""},"_links":{"self":[{"href":"https:\/\/www.europesays.com\/fr\/wp-json\/wp\/v2\/posts\/563453","targetHints":{"allow":["GET"]}}],"collection":[{"href":"https:\/\/www.europesays.com\/fr\/wp-json\/wp\/v2\/posts"}],"about":[{"href":"https:\/\/www.europesays.com\/fr\/wp-json\/wp\/v2\/types\/post"}],"author":[{"embeddable":true,"href":"https:\/\/www.europesays.com\/fr\/wp-json\/wp\/v2\/users\/2"}],"replies":[{"embeddable":true,"href":"https:\/\/www.europesays.com\/fr\/wp-json\/wp\/v2\/comments?post=563453"}],"version-history":[{"count":0,"href":"https:\/\/www.europesays.com\/fr\/wp-json\/wp\/v2\/posts\/563453\/revisions"}],"wp:featuredmedia":[{"embeddable":true,"href":"https:\/\/www.europesays.com\/fr\/wp-json\/wp\/v2\/media\/563454"}],"wp:attachment":[{"href":"https:\/\/www.europesays.com\/fr\/wp-json\/wp\/v2\/media?parent=563453"}],"wp:term":[{"taxonomy":"category","embeddable":true,"href":"https:\/\/www.europesays.com\/fr\/wp-json\/wp\/v2\/categories?post=563453"},{"taxonomy":"post_tag","embeddable":true,"href":"https:\/\/www.europesays.com\/fr\/wp-json\/wp\/v2\/tags?post=563453"}],"curies":[{"name":"wp","href":"https:\/\/api.w.org\/{rel}","templated":true}]}}