{"id":563455,"date":"2025-11-28T01:33:10","date_gmt":"2025-11-28T01:33:10","guid":{"rendered":"https:\/\/www.europesays.com\/fr\/563455\/"},"modified":"2025-11-28T01:33:10","modified_gmt":"2025-11-28T01:33:10","slug":"lionel-dumont-ex-membre-du-gang-de-roubaix-libere-en-grece","status":"publish","type":"post","link":"https:\/\/www.europesays.com\/fr\/563455\/","title":{"rendered":"Lionel Dumont, ex-membre du gang de Roubaix, lib\u00e9r\u00e9 en Gr\u00e8ce"},"content":{"rendered":"<p class=\"paragraph text_align_left lp-f-body-02\">Lionel Dumont, <a href=\"https:\/\/www.leparisien.fr\/faits-divers\/gang-de-roubaix-pres-de-30-ans-apres-les-faits-seddik-benbahlouli-condamne-a-20-ans-de-reclusion-criminelle-27-10-2025-GXTM3MR4WBD6ZLXE54VF32ZHPY.php\" target=\"_blank\" rel=\"noreferrer noopener\">ancien membre fran\u00e7ais du gang de Roubaix<\/a> et figure du djihadisme europ\u00e9en, arr\u00eat\u00e9 en mai sur l\u2019\u00eele de Cr\u00e8te, a \u00e9t\u00e9 lib\u00e9r\u00e9 jeudi apr\u00e8s le rejet de la demande de son extradition vers la Bosnie par la justice grecque, a indiqu\u00e9 son avocate \u00e0 l\u2019AFP.<\/p>\n<p class=\"paragraph text_align_left lp-f-body-02\">\u00ab Le parquet a accept\u00e9 notre argument, soit la prescription de la peine inflig\u00e9e \u00e0 Lionel Dumont en Bosnie \u00bb et par cons\u00e9quent la cour a d\u00e9cid\u00e9 \u00ab sa lib\u00e9ration \u00bb en rejetant la demande de son extradition vers la Bosnie, a indiqu\u00e9 Me Alexandra Spanaki.<\/p>\n<p class=\"paragraph text_align_left lp-f-body-02\">Ancien militaire fran\u00e7ais converti \u00e0 l\u2019islam et engag\u00e9 dans les <a href=\"https:\/\/www.leparisien.fr\/faits-divers\/quand-le-gang-de-roubaix-combattait-en-bosnie-06-10-2001-2002489660.php\" target=\"_blank\" rel=\"noreferrer noopener\">brigades islamistes durant la guerre de Bosnie<\/a>, Lionel Dumont, 54 ans, a \u00e9t\u00e9 condamn\u00e9 \u00e0 20 ans de prison en Bosnie-Herz\u00e9govine pour le meurtre d\u2019un policier dans les ann\u00e9es 1990.<\/p>\n<p class=\"paragraph text_align_left lp-f-body-02\">Son nom figurait depuis 2004 sur la liste des personnes sanctionn\u00e9es pour liens avec Al-Qa\u00efda mais en f\u00e9vrier il a \u00e9t\u00e9 radi\u00e9 de la liste de l\u2019ONU relative aux sanctions contre Daech et Al-Qa\u00efda. En mai, alors qu\u2019il \u00e9tait en vacances en Cr\u00e8te (sud), il a \u00e9t\u00e9 arr\u00eat\u00e9 par la police grecque et depuis, il \u00e9tait d\u00e9tenu dans une prison sur cette \u00eele, <a href=\"https:\/\/www.leparisien.fr\/international\/la-bosnie-dans-lunion-europeenne-bruxelles-donne-son-feu-vert-pour-des-negociations-dadhesion-21-03-2024-3F2SV5AG6BCUZFOM3DH6ZY4IUI.php\" target=\"_blank\" rel=\"noreferrer noopener\">la Bosnie<\/a> ayant demand\u00e9 entre-temps son extradition pour purger sa peine.<\/p>\n<p class=\"lp-card-podcast-highlighting__title  lp-f-subtitle-05\">[2\/2] L\u2019affaire Jean Aprin\u00a0: complot criminel dans les vignes<\/p>\n<p><a class=\"lp-card-podcast-highlighting__call-to-action\" data-page-type=\"HP\" data-block-name=\"podcast-highlight\">\u00c9couter<\/a>\u00ab R\u00e9cente radiation \u00bb<\/p>\n<p class=\"paragraph text_align_left lp-f-body-02\">La d\u00e9cision de sa lib\u00e9ration a \u00e9t\u00e9 prise en vertu \u00ab de la convention europ\u00e9enne sur l\u2019extradition et la loi grecque \u00bb, a expliqu\u00e9 Alexandra Spanaki rappelant que Lionel Dumont vit avec sa famille en France o\u00f9 il travaille depuis plus de 20 ans.<\/p>\n<p class=\"paragraph text_align_left lp-f-body-02\">Apr\u00e8s l\u2019annonce du jugement Lionel Dumont \u00ab a d\u00e9clar\u00e9 devant la cour \u00eatre particuli\u00e8rement satisfait et indiqu\u00e9 qu\u2019il avait confiance en la justice grecque \u00bb, a ajout\u00e9 Me Alexandra Spanaki.<\/p>\n<p class=\"paragraph text_align_left lp-f-body-02\">Son arrestation <a href=\"https:\/\/www.leparisien.fr\/international\/grece-trois-freres-arretes-apres-une-vendetta-familiale-qui-a-fait-deux-morts-et-une-dizaine-de-blesses-en-crete-04-11-2025-CBH2YNOY2FFSDB574RYQZ3T47U.php\" target=\"_blank\" rel=\"noreferrer noopener\">en Cr\u00e8te (sud)<\/a> en mai avait \u00e9t\u00e9 effectu\u00e9e sur \u00ab la base de donn\u00e9es de la police grecque qui n\u2019avait pas \u00e9t\u00e9 mise \u00e0 jour concernant la r\u00e9cente radiation de Lionel Dumont de la liste de l\u2019ONU, et l\u2019a arr\u00eat\u00e9 en vertu d\u2019un vieux mandat d\u2019arr\u00eat d\u2019Interpol \u00bb, selon son avocate.<\/p>\n<p class=\"paragraph text_align_left lp-f-body-02\">Condamn\u00e9 \u00e0 25 ans de prison en France en 2007 pour des actes violents et terroristes, Lionel Dumont a \u00e9t\u00e9 lib\u00e9r\u00e9 sous surveillance \u00e9lectronique fin 2021.<\/p>\n<p class=\"paragraph text_align_left lp-f-body-02\">Le gang de Roubaix (ville situ\u00e9e au nord de la France), <a href=\"https:\/\/www.leparisien.fr\/faits-divers\/seddik-benbahlouli-ecroue-en-france-la-fin-de-27-ans-de-cavale-pour-le-dernier-braqueur-du-gang-de-roubaix-20-10-2023-E32XOFZJARFS7GMSHVDCHICXUA.php\" target=\"_blank\" rel=\"noreferrer noopener\">proche des r\u00e9seaux d\u2019Al-Qa\u00efda<\/a>, s\u2019\u00e9tait initialement constitu\u00e9 autour d\u2019un noyau fr\u00e9quentant la mosqu\u00e9e de Daawa, \u00e0 Roubaix, dans les ann\u00e9es 1990. Neuf des dix membres se sont rendus en Bosnie, aux c\u00f4t\u00e9s d\u2019islamistes arabes et afghans venus combattre avec l\u2019arm\u00e9e bosniaque.<\/p>\n","protected":false},"excerpt":{"rendered":"Lionel Dumont, ancien membre fran\u00e7ais du gang de Roubaix et figure du djihadisme europ\u00e9en, arr\u00eat\u00e9 en mai sur&hellip;\n","protected":false},"author":2,"featured_media":563456,"comment_status":"","ping_status":"","sticky":false,"template":"","format":"standard","meta":{"footnotes":""},"categories":[2815],"tags":[1111,11,1777,674,118,1011,27,811,14,1307,12,25],"class_list":{"0":"post-563455","1":"post","2":"type-post","3":"status-publish","4":"format-standard","5":"has-post-thumbnail","7":"category-lille","8":"tag-actu","9":"tag-actualites","10":"tag-eu","11":"tag-europe","12":"tag-faits-divers","13":"tag-fr","14":"tag-france","15":"tag-hauts-de-france","16":"tag-international","17":"tag-lille","18":"tag-news","19":"tag-republique-francaise"},"share_on_mastodon":{"url":"https:\/\/pubeurope.com\/@fr\/115624752399488776","error":""},"_links":{"self":[{"href":"https:\/\/www.europesays.com\/fr\/wp-json\/wp\/v2\/posts\/563455","targetHints":{"allow":["GET"]}}],"collection":[{"href":"https:\/\/www.europesays.com\/fr\/wp-json\/wp\/v2\/posts"}],"about":[{"href":"https:\/\/www.europesays.com\/fr\/wp-json\/wp\/v2\/types\/post"}],"author":[{"embeddable":true,"href":"https:\/\/www.europesays.com\/fr\/wp-json\/wp\/v2\/users\/2"}],"replies":[{"embeddable":true,"href":"https:\/\/www.europesays.com\/fr\/wp-json\/wp\/v2\/comments?post=563455"}],"version-history":[{"count":0,"href":"https:\/\/www.europesays.com\/fr\/wp-json\/wp\/v2\/posts\/563455\/revisions"}],"wp:featuredmedia":[{"embeddable":true,"href":"https:\/\/www.europesays.com\/fr\/wp-json\/wp\/v2\/media\/563456"}],"wp:attachment":[{"href":"https:\/\/www.europesays.com\/fr\/wp-json\/wp\/v2\/media?parent=563455"}],"wp:term":[{"taxonomy":"category","embeddable":true,"href":"https:\/\/www.europesays.com\/fr\/wp-json\/wp\/v2\/categories?post=563455"},{"taxonomy":"post_tag","embeddable":true,"href":"https:\/\/www.europesays.com\/fr\/wp-json\/wp\/v2\/tags?post=563455"}],"curies":[{"name":"wp","href":"https:\/\/api.w.org\/{rel}","templated":true}]}}