{"id":563457,"date":"2025-11-28T01:34:14","date_gmt":"2025-11-28T01:34:14","guid":{"rendered":"https:\/\/www.europesays.com\/fr\/563457\/"},"modified":"2025-11-28T01:34:14","modified_gmt":"2025-11-28T01:34:14","slug":"lille-et-lyon-vainqueurs-nice-battu-de-nouveau","status":"publish","type":"post","link":"https:\/\/www.europesays.com\/fr\/563457\/","title":{"rendered":"Lille et Lyon vainqueurs, Nice battu de nouveau"},"content":{"rendered":"<p>                      <img loading=\"lazy\" decoding=\"async\" src=\"https:\/\/www.europesays.com\/fr\/wp-content\/uploads\/2025\/11\/ab7d89f_ftp-import-images-1-lbmfcozqnjjf-5541404-01-06.jpg\" alt=\"Le Lillois Felix Correia (\u00e0 gauche) lors de son but contre le Dinamo Zagreb, en Ligue Europa, au stade Pierre-Mauroy, \u00e0 Villeneuve-d'Ascq (Nord), le 27\u00a0novembre 2025.\"   width=\"664\" height=\"443\"\/>    Le Lillois Felix Correia (\u00e0 gauche) lors de son but contre le Dinamo Zagreb, en Ligue Europa, au stade Pierre-Mauroy, \u00e0 Villeneuve-d&rsquo;Ascq (Nord), le 27\u00a0novembre 2025.  SAMEER AL-DOUMY\/AFP                          <\/p>\n<p class=\"article__paragraph  \">La cinqui\u00e8me journ\u00e9e de Ligue Europa s\u2019est termin\u00e9e, pour les clubs fran\u00e7ais, jeudi 27 novembre, sur des victoires de Lille et Lyon, et sur une nouvelle d\u00e9faite de Nice.<\/p>\n<p class=\"article__paragraph  \">Au classement, sur 36 clubs en comp\u00e9tition, Lyon se classe actuellement premier, Lille dixi\u00e8me, et Nice 36\u1d49. Les huit premiers seront qualifi\u00e9s pour les huiti\u00e8mes de finale. Les clubs class\u00e9s de la neuvi\u00e8me \u00e0 la 24\u1d49 place disputeront des barrages. Les clubs class\u00e9s de la 25\u1d49 \u00e0 la 36\u1d49 place sont \u00e9limin\u00e9s.<\/p>\n<p>                    Lille &#8211; Dinamo Zagreb\u00a0: 4-0                    <\/p>\n<p class=\"article__paragraph  \">Apr\u00e8s deux revers cons\u00e9cutifs en Ligue Europa, Lille s\u2019est relanc\u00e9 dans la course \u00e0 la qualification directe en dominant facilement le Dinamo Zagreb 4 \u00e0 0 au stade Pierre-Mauroy. Ragaillardis par leur succ\u00e8s contre le Paris FC 4 \u00e0 2 dimanche, les Dogues enregistrent un troisi\u00e8me succ\u00e8s en cinq rencontres europ\u00e9ennes avant un d\u00e9placement en Suisse en d\u00e9cembre chez les Young Boys de Berne, et peuvent toujours esp\u00e9rer une qualification directe pour les huiti\u00e8mes de finale.<\/p>\n<p>                    Maccabi Tel-Aviv &#8211; Lyon\u00a0: 0-6                    <\/p>\n<p class=\"article__paragraph  \">Apr\u00e8s cinq matches sans succ\u00e8s, Lyon a renou\u00e9 avec l\u2019efficacit\u00e9 offensive en s\u2019imposant 6 \u00e0 0, dont un tripl\u00e9 de Corentin Tolisso, aux d\u00e9pens du Maccabi Tel-Aviv, \u00e0 Backa Topola (Serbie). Les Lyonnais, qui n\u2019avaient plus inscrit six buts en coupe d\u2019Europe \u00e0 l\u2019ext\u00e9rieur depuis d\u00e9cembre 2011 \u00e0 Zagreb, sont d\u00e9sormais leaders du classement au b\u00e9n\u00e9fice de la diff\u00e9rence de buts devant les Danois de Midtjylland. L\u2019OL restait sur deux d\u00e9faites et trois matchs nuls, apr\u00e8s celui conc\u00e9d\u00e9 le 23 novembre \u00e0 Auxerre (0-0) au cours duquel l\u2019\u00e9quipe rhodanienne s\u2019\u00e9tait montr\u00e9e inoffensive. Face \u00e0 un adversaire de faible niveau, les Lyonnais ont pu reprendre confiance offensivement, port\u00e9s par leur capitaine Tolisso, auteur du premier tripl\u00e9 de sa carri\u00e8re.<\/p>\n<p>                    Porto &#8211; Nice\u00a0: 3-0                    <\/p>\n<p class=\"article__paragraph  \">Nice continue d\u2019encha\u00eener les records n\u00e9gatifs en Coupe d\u2019Europe\u00a0: \u00e0 Porto, les hommes de Franck Haise ont \u00e9t\u00e9 totalement submerg\u00e9s par meilleurs qu\u2019eux (3-0), et ils ont subi leur cinqui\u00e8me d\u00e9faite cons\u00e9cutive dans une comp\u00e9tition o\u00f9 ils affichent un z\u00e9ro point\u00e9. L\u2019an pass\u00e9, \u00e0 ce stade de la comp\u00e9tition, les Aiglons comptaient seulement deux points et on disait, d\u00e9j\u00e0, leur saison europ\u00e9enne rat\u00e9e. Cette saison, c\u2019est pire\u00a0: aux deux d\u00e9faites en tour pr\u00e9liminaire de Ligue des champions contre le Benfica Lisbonne cet \u00e9t\u00e9 (0-2, 0-2), s\u2019ajoutent ces cinq nouvelles d\u00e9faites dans la phase de ligue de Ligue Europa. Cela n\u2019exclut pas encore tout \u00e0 fait les Azur\u00e9ens d\u2019une possible qualification en barrages, au terme des huit rencontres, mais, englu\u00e9s \u00e0 la derni\u00e8re place, cela ressemble \u00e0 un nouveau chemin de croix. En additionnant Ligue 1 et Ligue Europa, Nice poursuit sa s\u00e9rie de d\u00e9faites cons\u00e9cutives toutes comp\u00e9titions confondues. Elle monte \u00e0 cinq. A la d\u00e9rive d\u00e9fensivement, elle ne sait plus marquer.<\/p>\n<p>                    Ligue Conf\u00e9rence\u00a0: Strasbourg &#8211; Crystal Palace\u00a0: 2-1                    <\/p>\n<p class=\"article__paragraph  \">Domin\u00e9 puis \u00e9clatant apr\u00e8s la pause, mais aussi sauv\u00e9 par ses montants, Strasbourg a renvers\u00e9 (2-1) le cinqui\u00e8me de Premier League, Crystal Palace, au stade de la Meinau, lors de la quatri\u00e8me journ\u00e9e de la Ligue Conf\u00e9rence. Strasbourg est maintenant deuxi\u00e8me au classement, sur 36 clubs. L\u2019\u00e9quipe peut ainsi envisager s\u00e9rieusement une qualification directe pour les huiti\u00e8mes de finale, avant leur prochain match \u00e0 Aberdeen, en Ecosse, le 11 d\u00e9cembre.<\/p>\n<p>                                       Lire aussi |  Article r\u00e9serv\u00e9 \u00e0 nos abonn\u00e9s  <a href=\"https:\/\/www.lemonde.fr\/sport\/article\/2025\/11\/21\/un-match-france-bresil-en-mars-aux-etats-unis-pour-preparer-la-coupe-du-monde-2026_6654365_3242.html\" class=\"js-article-read-also catcher--favoris__link\" data-premium=\"1\" id=\"article-title-3447677\" target=\"_blank\" rel=\"noopener\">Un match France-Br\u00e9sil en mars aux Etats-Unis pour pr\u00e9parer la Coupe du monde 2026<\/a>    <\/p>\n<p>   Lire plus tard  <\/p>\n<p class=\"author__detail\">  Le Monde  <\/p>\n<p>                <a href=\"https:\/\/www.lemonde.fr\/syndication\/\" class=\"reuse__content\" title=\"R\u00e9utiliser ce contenu\" target=\"_blank\" rel=\"noopener\">R\u00e9utiliser ce contenu<\/a>      <\/p>\n","protected":false},"excerpt":{"rendered":"Le Lillois Felix Correia (\u00e0 gauche) lors de son but contre le Dinamo Zagreb, en Ligue Europa, au&hellip;\n","protected":false},"author":2,"featured_media":563458,"comment_status":"","ping_status":"","sticky":false,"template":"","format":"standard","meta":{"footnotes":""},"categories":[2815],"tags":[1111,11,1777,674,1011,27,811,1307,12,25],"class_list":{"0":"post-563457","1":"post","2":"type-post","3":"status-publish","4":"format-standard","5":"has-post-thumbnail","7":"category-lille","8":"tag-actu","9":"tag-actualites","10":"tag-eu","11":"tag-europe","12":"tag-fr","13":"tag-france","14":"tag-hauts-de-france","15":"tag-lille","16":"tag-news","17":"tag-republique-francaise"},"share_on_mastodon":{"url":"https:\/\/pubeurope.com\/@fr\/115624758364154160","error":""},"_links":{"self":[{"href":"https:\/\/www.europesays.com\/fr\/wp-json\/wp\/v2\/posts\/563457","targetHints":{"allow":["GET"]}}],"collection":[{"href":"https:\/\/www.europesays.com\/fr\/wp-json\/wp\/v2\/posts"}],"about":[{"href":"https:\/\/www.europesays.com\/fr\/wp-json\/wp\/v2\/types\/post"}],"author":[{"embeddable":true,"href":"https:\/\/www.europesays.com\/fr\/wp-json\/wp\/v2\/users\/2"}],"replies":[{"embeddable":true,"href":"https:\/\/www.europesays.com\/fr\/wp-json\/wp\/v2\/comments?post=563457"}],"version-history":[{"count":0,"href":"https:\/\/www.europesays.com\/fr\/wp-json\/wp\/v2\/posts\/563457\/revisions"}],"wp:featuredmedia":[{"embeddable":true,"href":"https:\/\/www.europesays.com\/fr\/wp-json\/wp\/v2\/media\/563458"}],"wp:attachment":[{"href":"https:\/\/www.europesays.com\/fr\/wp-json\/wp\/v2\/media?parent=563457"}],"wp:term":[{"taxonomy":"category","embeddable":true,"href":"https:\/\/www.europesays.com\/fr\/wp-json\/wp\/v2\/categories?post=563457"},{"taxonomy":"post_tag","embeddable":true,"href":"https:\/\/www.europesays.com\/fr\/wp-json\/wp\/v2\/tags?post=563457"}],"curies":[{"name":"wp","href":"https:\/\/api.w.org\/{rel}","templated":true}]}}