{"id":563459,"date":"2025-11-28T01:35:12","date_gmt":"2025-11-28T01:35:12","guid":{"rendered":"https:\/\/www.europesays.com\/fr\/563459\/"},"modified":"2025-11-28T01:35:12","modified_gmt":"2025-11-28T01:35:12","slug":"robert-assante-dvd-prochain-sur-la-ligne-de-depart-des-municipales-2026-a-marseille","status":"publish","type":"post","link":"https:\/\/www.europesays.com\/fr\/563459\/","title":{"rendered":"Robert Assante (DVD) prochain sur la ligne de d\u00e9part des municipales 2026 \u00e0 Marseille ?"},"content":{"rendered":"<p>C\u2019est ce que l\u2019ancien maire des 11e-12e confie \u00e0 La Provence. \u00ab\u00a0C\u2019est plus qu\u2019une r\u00e9flexion, j\u2019en suis au stade de la d\u00e9cision\u00a0\u00bb, affirme-t-il. Qui fait suite \u00e0 la d\u00e9fection de Fr\u00e9d\u00e9ric Collart. \u00ab\u00a0Je r\u00e9fl\u00e9chissais \u00e0 la mani\u00e8re de m\u2019int\u00e9grer dans sa campagne. Lui plus consensuel, moi plus exp\u00e9riment\u00e9 et libre de parole\u00a0\u00bb, poursuit-il.<\/p>\n<p>Depuis plusieurs mois, <a href=\"https:\/\/www.laprovence.com\/article\/societe\/2940445350476614\/parc-du-26e-centenaire-denomme-jean-claude-gaudin-a-marseille-hommage-et-reglements-de-compte-en-gaudinie\" target=\"_blank\" rel=\"noopener\">l\u2019ancien adjoint du maire UMP<\/a> distille ses commentaires sur la vie politique nationale et locale dans des vid\u00e9os Youtube qui cumulent quelques centaines de vues. Il y critique \u00e0 la fois Emmanuel Macron, <a href=\"https:\/\/www.laprovence.com\/article\/elections\/273551463103214\/municipales-2026-a-marseille-mon-adversaire-c-est-benoit-payan-estime-franck-allisio-rn\" target=\"_blank\" rel=\"noopener\">Beno\u00eet Payan (DVG)<\/a> mais aussi <a href=\"https:\/\/www.laprovence.com\/article\/region\/1446319628441415\/municipales-2026-a-marseille-tout-doit-partir-du-centre-ville-selon-martine-vassal-candidate-de-la-droite\" target=\"_blank\" rel=\"noopener\">Martine Vassal (DVD)<\/a>, avec qui il n\u2019a plus \u00e9chang\u00e9 \u00ab\u00a0depuis\u00a02016\u00a0\u00bb. Robert Assante dit se laisser \u00ab\u00a0jusqu\u2019\u00e0 mi-d\u00e9cembre\u00a0\u00bb pour se d\u00e9cider.<\/p>\n","protected":false},"excerpt":{"rendered":"C\u2019est ce que l\u2019ancien maire des 11e-12e confie \u00e0 La Provence. \u00ab\u00a0C\u2019est plus qu\u2019une r\u00e9flexion, j\u2019en suis au&hellip;\n","protected":false},"author":2,"featured_media":563460,"comment_status":"","ping_status":"","sticky":false,"template":"","format":"standard","meta":{"footnotes":""},"categories":[2814],"tags":[17,1111,11,67961,3985,2933,5949,1777,674,1011,27,3052,884,12,11418,882,25,13433,3356],"class_list":{"0":"post-563459","1":"post","2":"type-post","3":"status-publish","4":"format-standard","5":"has-post-thumbnail","7":"category-marseille","8":"tag-17","9":"tag-actu","10":"tag-actualites","11":"tag-assante","12":"tag-depart","13":"tag-dvd","14":"tag-elections","15":"tag-eu","16":"tag-europe","17":"tag-fr","18":"tag-france","19":"tag-ligne","20":"tag-marseille","21":"tag-news","22":"tag-prochain","23":"tag-provence-alpes-cote-dazur","24":"tag-republique-francaise","25":"tag-robert","26":"tag-sur"},"share_on_mastodon":{"url":"https:\/\/pubeurope.com\/@fr\/115624759981127728","error":""},"_links":{"self":[{"href":"https:\/\/www.europesays.com\/fr\/wp-json\/wp\/v2\/posts\/563459","targetHints":{"allow":["GET"]}}],"collection":[{"href":"https:\/\/www.europesays.com\/fr\/wp-json\/wp\/v2\/posts"}],"about":[{"href":"https:\/\/www.europesays.com\/fr\/wp-json\/wp\/v2\/types\/post"}],"author":[{"embeddable":true,"href":"https:\/\/www.europesays.com\/fr\/wp-json\/wp\/v2\/users\/2"}],"replies":[{"embeddable":true,"href":"https:\/\/www.europesays.com\/fr\/wp-json\/wp\/v2\/comments?post=563459"}],"version-history":[{"count":0,"href":"https:\/\/www.europesays.com\/fr\/wp-json\/wp\/v2\/posts\/563459\/revisions"}],"wp:featuredmedia":[{"embeddable":true,"href":"https:\/\/www.europesays.com\/fr\/wp-json\/wp\/v2\/media\/563460"}],"wp:attachment":[{"href":"https:\/\/www.europesays.com\/fr\/wp-json\/wp\/v2\/media?parent=563459"}],"wp:term":[{"taxonomy":"category","embeddable":true,"href":"https:\/\/www.europesays.com\/fr\/wp-json\/wp\/v2\/categories?post=563459"},{"taxonomy":"post_tag","embeddable":true,"href":"https:\/\/www.europesays.com\/fr\/wp-json\/wp\/v2\/tags?post=563459"}],"curies":[{"name":"wp","href":"https:\/\/api.w.org\/{rel}","templated":true}]}}