{"id":563461,"date":"2025-11-28T01:36:21","date_gmt":"2025-11-28T01:36:21","guid":{"rendered":"https:\/\/www.europesays.com\/fr\/563461\/"},"modified":"2025-11-28T01:36:21","modified_gmt":"2025-11-28T01:36:21","slug":"previsions-du-vendredi-28-novembre-2025-5","status":"publish","type":"post","link":"https:\/\/www.europesays.com\/fr\/563461\/","title":{"rendered":"pr\u00e9visions du vendredi 28 novembre 2025"},"content":{"rendered":"<p>Le soleil sera dominant, la garantie d&rsquo;une belle journ\u00e9e \u00e0 Marseille ! Les valeurs iront de 7 \u00e0 12\u00b0C. Le matin, les temp\u00e9ratures s&rsquo;\u00e9chelonneront entre 7 et 10\u00b0C. Un vent de nord rafra\u00eechira sensiblement l&rsquo;atmosph\u00e8re. Les valeurs afficheront entre 10 et 12\u00b0C pendant l&rsquo;apr\u00e8s-midi. La ville profitera de quelques \u00e9claircies le soir. Le thermom\u00e8tre affichera 10\u00b0C en moyenne. Le ciel sera limpide dans la nuit de vendredi \u00e0 samedi.<\/p>\n<p>Un beau soleil est attendu demain \u00e0 Marseille. Il fera 10\u00b0C en moyenne. Les temp\u00e9ratures seront de 8\u00b0C au plus bas et de 11\u00b0C au maximum la matin\u00e9e. Un vent de nord soufflera l\u00e9g\u00e8rement, avec 7 km\/h. Les valeurs seront comprises entre 11\u00b0C et 12\u00b0C dans l&rsquo;apr\u00e8s-midi. Demain soir, le vent va progressivement \u00e9loigner les nuages. Un l\u00e9ger vent de sud-est soufflera.<\/p>\n<p>Les conditions m\u00e9t\u00e9orologiques vont se d\u00e9grader dans les journ\u00e9es suivantes. Il fera 11\u00b0C en moyenne pour des journ\u00e9es avec un ciel pluvieux.<\/p>\n<p><\/p>\n","protected":false},"excerpt":{"rendered":"Le soleil sera dominant, la garantie d&rsquo;une belle journ\u00e9e \u00e0 Marseille ! Les valeurs iront de 7 \u00e0&hellip;\n","protected":false},"author":2,"featured_media":563462,"comment_status":"","ping_status":"","sticky":false,"template":"","format":"standard","meta":{"footnotes":""},"categories":[2814],"tags":[1111,11,1777,674,1011,27,884,12,2119,882,25],"class_list":{"0":"post-563461","1":"post","2":"type-post","3":"status-publish","4":"format-standard","5":"has-post-thumbnail","7":"category-marseille","8":"tag-actu","9":"tag-actualites","10":"tag-eu","11":"tag-europe","12":"tag-fr","13":"tag-france","14":"tag-marseille","15":"tag-news","16":"tag-previsions-meteo","17":"tag-provence-alpes-cote-dazur","18":"tag-republique-francaise"},"share_on_mastodon":{"url":"","error":""},"_links":{"self":[{"href":"https:\/\/www.europesays.com\/fr\/wp-json\/wp\/v2\/posts\/563461","targetHints":{"allow":["GET"]}}],"collection":[{"href":"https:\/\/www.europesays.com\/fr\/wp-json\/wp\/v2\/posts"}],"about":[{"href":"https:\/\/www.europesays.com\/fr\/wp-json\/wp\/v2\/types\/post"}],"author":[{"embeddable":true,"href":"https:\/\/www.europesays.com\/fr\/wp-json\/wp\/v2\/users\/2"}],"replies":[{"embeddable":true,"href":"https:\/\/www.europesays.com\/fr\/wp-json\/wp\/v2\/comments?post=563461"}],"version-history":[{"count":0,"href":"https:\/\/www.europesays.com\/fr\/wp-json\/wp\/v2\/posts\/563461\/revisions"}],"wp:featuredmedia":[{"embeddable":true,"href":"https:\/\/www.europesays.com\/fr\/wp-json\/wp\/v2\/media\/563462"}],"wp:attachment":[{"href":"https:\/\/www.europesays.com\/fr\/wp-json\/wp\/v2\/media?parent=563461"}],"wp:term":[{"taxonomy":"category","embeddable":true,"href":"https:\/\/www.europesays.com\/fr\/wp-json\/wp\/v2\/categories?post=563461"},{"taxonomy":"post_tag","embeddable":true,"href":"https:\/\/www.europesays.com\/fr\/wp-json\/wp\/v2\/tags?post=563461"}],"curies":[{"name":"wp","href":"https:\/\/api.w.org\/{rel}","templated":true}]}}