{"id":563463,"date":"2025-11-28T01:38:14","date_gmt":"2025-11-28T01:38:14","guid":{"rendered":"https:\/\/www.europesays.com\/fr\/563463\/"},"modified":"2025-11-28T01:38:14","modified_gmt":"2025-11-28T01:38:14","slug":"lyon-derniere-ligne-droite-pour-ce-projet-colossal-a-75-millions-deuros-avec-piscine-ecole-et-ateliers-de-la-danse","status":"publish","type":"post","link":"https:\/\/www.europesays.com\/fr\/563463\/","title":{"rendered":"Lyon. Derni\u00e8re ligne droite pour ce projet colossal \u00e0 75\u00a0millions d\u2019euros avec piscine, \u00e9cole et Ateliers de la danse"},"content":{"rendered":"<p>Le projet de l\u2019Ilot Kennedy est monumental\u00a0! 21\u00a0000 m2 \u00a0r\u00e9am\u00e9nag\u00e9s entre les rues Varichon, Paul-Santy, Sarrazin et de La Concorde, et une facture estim\u00e9e \u00e0 75\u00a0millions d\u2019euros. \u00ab\u00a0Mais c\u2019est un projet tr\u00e8s attendu des habitants qui me dise souvent leur fiert\u00e9 de voir un tel am\u00e9nagement se r\u00e9aliser dans un quartier populaire\u00a0\u00bb, indique Olivier Berzane, maire \u00e9cologiste du 8e \u00a0arrondissement de Lyon.<\/p>\n<p>Ce projet qui allie culture, \u00e9ducation et sport est toujours en chantier. On vous fait la visite.<\/p>\n<p>Les Ateliers de la danse\u00a0: un lieu d\u00e9di\u00e9 \u00e0 la cr\u00e9ation<\/p>\n<p><a href=\"https:\/\/www.leprogres.fr\/economie\/2023\/11\/11\/futurs-ateliers-de-la-danse-a-kennedy-c-est-bien-parti-se-rejouissent-les-verts\" target=\"_blank\" rel=\"noopener\">Les Ateliers de la danse<\/a> d\u2019abord, estim\u00e9s \u00e0 24,5 millions d\u2019euros (dont 6,3M\u20ac pour l&rsquo;Etat). Les travaux ont commenc\u00e9 en janvier. Et ce ne sont pas des petits travaux. D\u2019apr\u00e8s Hugues Villiaumey, architecte de l\u2019agence&#8230;<\/p>\n","protected":false},"excerpt":{"rendered":"Le projet de l\u2019Ilot Kennedy est monumental\u00a0! 21\u00a0000 m2 \u00a0r\u00e9am\u00e9nag\u00e9s entre les rues Varichon, Paul-Santy, Sarrazin et de&hellip;\n","protected":false},"author":2,"featured_media":563464,"comment_status":"","ping_status":"","sticky":false,"template":"","format":"standard","meta":{"footnotes":""},"categories":[1889],"tags":[1111,11,2430,4749,1687,33,2757,1057,436,1777,674,107,1011,27,2428,2756,10425,12,25,2429,273,3140],"class_list":{"0":"post-563463","1":"post","2":"type-post","3":"status-publish","4":"format-standard","5":"has-post-thumbnail","7":"category-lyon","8":"tag-actu","9":"tag-actualites","10":"tag-auvergne-rhone-alpes","11":"tag-btp-et-chantiers","12":"tag-culture-loisirs","13":"tag-economie","14":"tag-edition-lyon-villeurbanne","15":"tag-education","16":"tag-environnement","17":"tag-eu","18":"tag-europe","19":"tag-fil-info","20":"tag-fr","21":"tag-france","22":"tag-lyon","23":"tag-lyon-bassin","24":"tag-maternelle-elementaire","25":"tag-news","26":"tag-republique-francaise","27":"tag-rhone","28":"tag-selection-de-la-redaction","29":"tag-spectacle"},"share_on_mastodon":{"url":"https:\/\/pubeurope.com\/@fr\/115624771808690837","error":""},"_links":{"self":[{"href":"https:\/\/www.europesays.com\/fr\/wp-json\/wp\/v2\/posts\/563463","targetHints":{"allow":["GET"]}}],"collection":[{"href":"https:\/\/www.europesays.com\/fr\/wp-json\/wp\/v2\/posts"}],"about":[{"href":"https:\/\/www.europesays.com\/fr\/wp-json\/wp\/v2\/types\/post"}],"author":[{"embeddable":true,"href":"https:\/\/www.europesays.com\/fr\/wp-json\/wp\/v2\/users\/2"}],"replies":[{"embeddable":true,"href":"https:\/\/www.europesays.com\/fr\/wp-json\/wp\/v2\/comments?post=563463"}],"version-history":[{"count":0,"href":"https:\/\/www.europesays.com\/fr\/wp-json\/wp\/v2\/posts\/563463\/revisions"}],"wp:featuredmedia":[{"embeddable":true,"href":"https:\/\/www.europesays.com\/fr\/wp-json\/wp\/v2\/media\/563464"}],"wp:attachment":[{"href":"https:\/\/www.europesays.com\/fr\/wp-json\/wp\/v2\/media?parent=563463"}],"wp:term":[{"taxonomy":"category","embeddable":true,"href":"https:\/\/www.europesays.com\/fr\/wp-json\/wp\/v2\/categories?post=563463"},{"taxonomy":"post_tag","embeddable":true,"href":"https:\/\/www.europesays.com\/fr\/wp-json\/wp\/v2\/tags?post=563463"}],"curies":[{"name":"wp","href":"https:\/\/api.w.org\/{rel}","templated":true}]}}