{"id":563465,"date":"2025-11-28T01:39:14","date_gmt":"2025-11-28T01:39:14","guid":{"rendered":"https:\/\/www.europesays.com\/fr\/563465\/"},"modified":"2025-11-28T01:39:14","modified_gmt":"2025-11-28T01:39:14","slug":"previsions-du-vendredi-28-novembre-2025-6","status":"publish","type":"post","link":"https:\/\/www.europesays.com\/fr\/563465\/","title":{"rendered":"pr\u00e9visions du vendredi 28 novembre 2025"},"content":{"rendered":"<p>Aujourd&rsquo;hui, le soleil sera dissimul\u00e9 derri\u00e8re des nuages \u00e0 Lyon, o\u00f9 le ciel sera voil\u00e9. Les valeurs avoisineront les 4\u00b0C. Un petit vent de sud-est soufflera. Les nuages en pr\u00e9vision le matin, et un ciel encore gris. Les temp\u00e9ratures avoisineront les 4\u00b0C. L&rsquo;apr\u00e8s-midi, des nuages ne voudront pas laisser leur place au soleil. Les temp\u00e9ratures iront de 5 \u00e0 6\u00b0C. On notera la pr\u00e9sence persistante de nuages le soir. Il va faire 5\u00b0C en moyenne. Le passage de vendredi \u00e0 samedi s&rsquo;effectuera sous un ciel l\u00e9g\u00e8rement voil\u00e9.<\/p>\n<p>Demain, c&rsquo;est une hausse de quelques degr\u00e9s que vont conna\u00eetre les temp\u00e9ratures dans la ville de Lyon. Les valeurs afficheront entre 6 et 9\u00b0C. Une l\u00e9g\u00e8re brise de sud-est sera ressentie par les habitants. Le matin, toujours des nuages dans le ciel qui emp\u00eachent le soleil d&rsquo;appara\u00eetre. Du mauvais temps est \u00e0 pr\u00e9voir. Des pluies \u00e9parses vont tomber. Les temp\u00e9ratures seront de 6\u00b0C au plus bas et de 8\u00b0C au maximum. Le ciel va s&rsquo;\u00e9claircir au cours de l&rsquo;apr\u00e8s-midi. Les maximales atteindront les 9\u00b0C et les minimales seront de 8\u00b0C.<\/p>\n<p>Les conditions m\u00e9t\u00e9orologiques seront relativement mitig\u00e9es les jours suivants. On pr\u00e9voit une am\u00e9lioration lundi, apr\u00e8s une journ\u00e9e pluvieuse dimanche.<\/p>\n<p><\/p>\n","protected":false},"excerpt":{"rendered":"Aujourd&rsquo;hui, le soleil sera dissimul\u00e9 derri\u00e8re des nuages \u00e0 Lyon, o\u00f9 le ciel sera voil\u00e9. Les valeurs avoisineront&hellip;\n","protected":false},"author":2,"featured_media":563466,"comment_status":"","ping_status":"","sticky":false,"template":"","format":"standard","meta":{"footnotes":""},"categories":[1889],"tags":[1111,11,2430,1777,674,1011,27,2428,12,2119,25],"class_list":{"0":"post-563465","1":"post","2":"type-post","3":"status-publish","4":"format-standard","5":"has-post-thumbnail","7":"category-lyon","8":"tag-actu","9":"tag-actualites","10":"tag-auvergne-rhone-alpes","11":"tag-eu","12":"tag-europe","13":"tag-fr","14":"tag-france","15":"tag-lyon","16":"tag-news","17":"tag-previsions-meteo","18":"tag-republique-francaise"},"share_on_mastodon":{"url":"https:\/\/pubeurope.com\/@fr\/115624775719078855","error":""},"_links":{"self":[{"href":"https:\/\/www.europesays.com\/fr\/wp-json\/wp\/v2\/posts\/563465","targetHints":{"allow":["GET"]}}],"collection":[{"href":"https:\/\/www.europesays.com\/fr\/wp-json\/wp\/v2\/posts"}],"about":[{"href":"https:\/\/www.europesays.com\/fr\/wp-json\/wp\/v2\/types\/post"}],"author":[{"embeddable":true,"href":"https:\/\/www.europesays.com\/fr\/wp-json\/wp\/v2\/users\/2"}],"replies":[{"embeddable":true,"href":"https:\/\/www.europesays.com\/fr\/wp-json\/wp\/v2\/comments?post=563465"}],"version-history":[{"count":0,"href":"https:\/\/www.europesays.com\/fr\/wp-json\/wp\/v2\/posts\/563465\/revisions"}],"wp:featuredmedia":[{"embeddable":true,"href":"https:\/\/www.europesays.com\/fr\/wp-json\/wp\/v2\/media\/563466"}],"wp:attachment":[{"href":"https:\/\/www.europesays.com\/fr\/wp-json\/wp\/v2\/media?parent=563465"}],"wp:term":[{"taxonomy":"category","embeddable":true,"href":"https:\/\/www.europesays.com\/fr\/wp-json\/wp\/v2\/categories?post=563465"},{"taxonomy":"post_tag","embeddable":true,"href":"https:\/\/www.europesays.com\/fr\/wp-json\/wp\/v2\/tags?post=563465"}],"curies":[{"name":"wp","href":"https:\/\/api.w.org\/{rel}","templated":true}]}}