{"id":563467,"date":"2025-11-28T01:41:14","date_gmt":"2025-11-28T01:41:14","guid":{"rendered":"https:\/\/www.europesays.com\/fr\/563467\/"},"modified":"2025-11-28T01:41:14","modified_gmt":"2025-11-28T01:41:14","slug":"le-prix-du-forfait-navigo-mensuel-en-ile-de-france-devrait-augmenter-de-2-euros-soit-9080-euros-en-2026","status":"publish","type":"post","link":"https:\/\/www.europesays.com\/fr\/563467\/","title":{"rendered":"Le prix du forfait Navigo mensuel en \u00cele-de-France devrait augmenter de 2 euros, soit 90,80 euros en 2026"},"content":{"rendered":"<p>Le prix du forfait Navigo mensuel devrait augmenter en 2026, a annonc\u00e9 \u00cele-de-France Mobilit\u00e9s ce jeudi 27 novembre. Il co\u00fbterait d\u00e9sormais 90,80 euros, soit deux euros de plus.<\/p>\n<p>\u00cele-de-France Mobilit\u00e9s (IDFM) propose une augmentation de 2 euros du prix du <a href=\"https:\/\/www.bfmtv.com\/economie\/entreprises\/transports\/pres-de-1-000-euros-par-an-le-pass-navigo-devrait-encore-augmenter-et-passer-a-90-80-euros-par-mois_AN-202510170176.html\" title=\"Pr\u00e8s de 1.000 euros par an pour le pass Navigo? Ile-de-France Mobilit\u00e9s conteste avoir pris une telle d\u00e9cision pour le moment\" class=\"internal_link\" target=\"_blank\" rel=\"noopener\">passe Navigo<\/a> mensuel, qui atteindra ainsi 90,80 euros \u00e0 partir de janvier 2026, a indiqu\u00e9 ce jeudi 27 novembre l&rsquo;autorit\u00e9 organisatrice des transports dans la r\u00e9gion francilienne.<\/p>\n<p>La hausse serait donc de 2,30% et devra d&rsquo;abord \u00eatre valid\u00e9e par le conseil d&rsquo;administration d&rsquo;IDFM le 10 d\u00e9cembre.<\/p>\n<p>Le <a href=\"https:\/\/www.bfmtv.com\/paris\/une-revolution-une-vision-valerie-pecresse-defend-le-tarif-unique-dans-les-transports-en-commun-franciliens_AN-202501060656.html\" title=\"&quot;Une r\u00e9volution&quot;, &quot;une vision&quot;: Val\u00e9rie P\u00e9cresse d\u00e9fend le tarif unique dans les transports en commun franciliens\" class=\"internal_link\" target=\"_blank\" rel=\"noopener\">ticket \u00e0 l&rsquo;unit\u00e9<\/a>, pour le m\u00e9tro, le train et le RER, passerait \u00e0 2,55 euros, contre 2,50 jusqu&rsquo;\u00e0 pr\u00e9sent. Si on l&rsquo;ach\u00e8te via la carte Navigo Libert\u00e9 +, le prix serait de 2,04 euros (contre 1,99 aujourd&rsquo;hui).<\/p>\n<p>Un agrandissement et une modernisation du r\u00e9seau<\/p>\n<p>Le Navigo annuel toutes zones passerait au prix de 998,80 euros, contre 976,80 euros actuellement.<\/p>\n<p>\u00ab\u00a0Conform\u00e9ment \u00e0 l&rsquo;engagement\u00a0\u00bb pris en 2023 par Val\u00e9rie P\u00e9cresse, pr\u00e9sidente de la R\u00e9gion et du conseil d&rsquo;administration de IDFM, \u00ab\u00a0un bouclier tarifaire qui limite la hausse du passe Navigo a \u00e9t\u00e9 mis en place\u00a0\u00bb, avec une hausse du prix qui ne peut pas d\u00e9passer l&rsquo;inflation plus 1%, indique le communiqu\u00e9 de IDFM.<\/p>\n<p>Le r\u00e9seau de transports publics en \u00cele-de-France \u00ab\u00a0s&rsquo;agrandit et se modernise\u00a0\u00bb (prolongement du RER E, des lignes 4, 11, 12 et 14 du m\u00e9tro, nouvelles lignes de tramway ou prolongement etc.), ce qui repr\u00e9sente \u00ab\u00a0un co\u00fbt important\u00a0\u00bb, ajoute IDFM. Car \u00ab\u00a0l&rsquo;augmentation de la taille du r\u00e9seau induit une hausse des co\u00fbts d&rsquo;exploitation et de fonctionnement\u00a0\u00bb.<\/p>\n<p>Les d\u00e9penses r\u00e9parties \u00ab\u00a0sur l&rsquo;ensemble des acteurs\u00a0\u00bb<\/p>\n<p>\u00ab\u00a0L&rsquo;objectif, pour \u00cele-de-France Mobilit\u00e9s, est de r\u00e9partir\u00a0\u00bb cette hausse \u00ab\u00a0sur l&rsquo;ensemble des acteurs\u00a0\u00bb, tels que l&rsquo;\u00c9tat, les collectivit\u00e9s, les entreprises et les usagers \u00ab\u00a0de mani\u00e8re \u00e9quitable\u00a0\u00bb.<\/p>\n<p>Les employeurs payent de 50 \u00e0 100% du Navigo de leurs salari\u00e9s. \u00ab\u00a0Sans les contributions des collectivit\u00e9s et des entreprises, le vrai prix du passe Navigo (mensuel) serait de 280 euros\u00a0\u00bb, selon IDFM.<\/p>\n<p>Partager <\/p>\n","protected":false},"excerpt":{"rendered":"Le prix du forfait Navigo mensuel devrait augmenter en 2026, a annonc\u00e9 \u00cele-de-France Mobilit\u00e9s ce jeudi 27 novembre.&hellip;\n","protected":false},"author":2,"featured_media":469316,"comment_status":"","ping_status":"","sticky":false,"template":"","format":"standard","meta":{"footnotes":""},"categories":[1592],"tags":[1111,11,1777,674,1011,27,662,12,626,25],"class_list":{"0":"post-563467","1":"post","2":"type-post","3":"status-publish","4":"format-standard","5":"has-post-thumbnail","7":"category-ile-de-france","8":"tag-actu","9":"tag-actualites","10":"tag-eu","11":"tag-europe","12":"tag-fr","13":"tag-france","14":"tag-ile-de-france","15":"tag-news","16":"tag-paris","17":"tag-republique-francaise"},"share_on_mastodon":{"url":"https:\/\/pubeurope.com\/@fr\/115624783841813041","error":""},"_links":{"self":[{"href":"https:\/\/www.europesays.com\/fr\/wp-json\/wp\/v2\/posts\/563467","targetHints":{"allow":["GET"]}}],"collection":[{"href":"https:\/\/www.europesays.com\/fr\/wp-json\/wp\/v2\/posts"}],"about":[{"href":"https:\/\/www.europesays.com\/fr\/wp-json\/wp\/v2\/types\/post"}],"author":[{"embeddable":true,"href":"https:\/\/www.europesays.com\/fr\/wp-json\/wp\/v2\/users\/2"}],"replies":[{"embeddable":true,"href":"https:\/\/www.europesays.com\/fr\/wp-json\/wp\/v2\/comments?post=563467"}],"version-history":[{"count":0,"href":"https:\/\/www.europesays.com\/fr\/wp-json\/wp\/v2\/posts\/563467\/revisions"}],"wp:featuredmedia":[{"embeddable":true,"href":"https:\/\/www.europesays.com\/fr\/wp-json\/wp\/v2\/media\/469316"}],"wp:attachment":[{"href":"https:\/\/www.europesays.com\/fr\/wp-json\/wp\/v2\/media?parent=563467"}],"wp:term":[{"taxonomy":"category","embeddable":true,"href":"https:\/\/www.europesays.com\/fr\/wp-json\/wp\/v2\/categories?post=563467"},{"taxonomy":"post_tag","embeddable":true,"href":"https:\/\/www.europesays.com\/fr\/wp-json\/wp\/v2\/tags?post=563467"}],"curies":[{"name":"wp","href":"https:\/\/api.w.org\/{rel}","templated":true}]}}