{"id":563468,"date":"2025-11-28T01:42:17","date_gmt":"2025-11-28T01:42:17","guid":{"rendered":"https:\/\/www.europesays.com\/fr\/563468\/"},"modified":"2025-11-28T01:42:17","modified_gmt":"2025-11-28T01:42:17","slug":"une-lourde-amende-jusqua-3000-euros-pour-les-personnes-qui-ont-plusieurs-animaux-dans-cette-ville-a-3-heures-de-paris","status":"publish","type":"post","link":"https:\/\/www.europesays.com\/fr\/563468\/","title":{"rendered":"Une lourde amende jusqu&rsquo;\u00e0 3000 euros pour les personnes qui ont plusieurs animaux dans cette ville \u00e0 3 heures de Paris"},"content":{"rendered":"<p>Selon les informations du journal\u00a0<a href=\"https:\/\/www.linternaute.com\/lifestyle\/animaux-de-compagnie\/9215961-article-interdictions-plusieurs-animaux\/\" target=\"_blank\" rel=\"nofollow noopener\">L\u2019Internaute<\/a>,<br \/>\nune amende pouvant grimper jusqu\u2019\u00e0 3000 euros menace d\u00e9sormais les<br \/>\nhabitants d\u2019une ville situ\u00e9e \u00e0 environ trois heures de Paris. Une<br \/>\nr\u00e8gle qui <strong>concerne directement ceux qui ont plusieurs<br \/>\nanimaux de compagnie<\/strong>. Et, elle risque de surprendre plus<br \/>\nd\u2019un amoureux des b\u00eates.<\/p>\n<p>Derri\u00e8re cette d\u00e9cision, les autorit\u00e9s locales expliquent<br \/>\nvouloir r\u00e9agir \u00e0 une explosion des abandons et des cas de<br \/>\nmaltraitance. <strong>Une mesure ferme, qui ne laisse aucune place<br \/>\n\u00e0 l\u2019interpr\u00e9tation<\/strong>. Car cette amende est quand m\u00eame<br \/>\nparticuli\u00e8rement sal\u00e9e. Alors, dans quelle ville exactement ces<br \/>\nr\u00e8gles strictes ont-elles \u00e9t\u00e9 mises en place, et pourquoi ?<\/p>\n<p>Une amende s\u00e9v\u00e8re qui limite le nombre d\u2019animaux par foyer<\/p>\n<p>Selon les informations de L\u2019Internaute, cette nouvelle<br \/>\nr\u00e9glementation est n\u00e9e d\u2019un constat inqui\u00e9tant : en Europe, les cas<br \/>\nde <a href=\"https:\/\/www.mariefrance.fr\/animaux\/voici-le-premier-numero-dappel-national-gratuit-contre-la-maltraitance-animale-en-france-1040519.html\" target=\"_blank\" rel=\"noopener\">maltraitance animale<\/a> augmentent<br \/>\nfortement. Tout comme les abandons, qui ont bondi de 32 % au d\u00e9but<br \/>\nde l\u2019ann\u00e9e 2025. Face \u00e0 cette situation, <strong>la ville concern\u00e9e<br \/>\na instaur\u00e9 un arr\u00eat\u00e9 municipal consacr\u00e9 au bien-\u00eatre<br \/>\nanimal<\/strong>. Le texte impose un nombre maximal d\u2019animaux de<br \/>\ncompagnie par logement. Et, il s\u2019accompagne d\u2019une amende pouvant<br \/>\naller de 750 \u00e0 3000 euros en cas d\u2019infraction.<\/p>\n<p>Ainsi, dans le centre-ville, les habitants ne peuvent d\u00e9sormais<br \/>\nd\u00e9tenir plus de trois chiens, chats ou animaux similaires. Pour les<br \/>\nmaisons individuelles, la limite monte \u00e0 cinq. Mais le conseil<br \/>\nmunicipal pr\u00e9vient qu\u2019il peut r\u00e9duire ce nombre si certaines<br \/>\nconditions ne sont pas remplies. Notamment en cas de logement trop<br \/>\npetit, de nuisances sonores ou de risques de cohabitation<br \/>\ncompliqu\u00e9e. Et si les r\u00e8gles ne sont pas respect\u00e9es,<br \/>\n<strong>l\u2019amende peut s\u2019accompagner de mesures<br \/>\ncompl\u00e9mentaires<\/strong>. Il peut s\u2019agir par exemple d\u2019un retrait<br \/>\ntemporaire des animaux, d\u2019une r\u00e9duction du nombre autoris\u00e9, voire<br \/>\nd\u2019une obligation de suivre une formation sur la protection<br \/>\nanimale.<\/p>\n<p><img loading=\"lazy\" decoding=\"async\" aria-describedby=\"caption-attachment-1175543\" itemprop=\"thumbnailUrl\" class=\"size-full wp-image-1175543 img-responsive\" src=\"https:\/\/www.europesays.com\/fr\/wp-content\/uploads\/2025\/11\/chien-et-chat.jpg\" alt=\"animaux de compagnie\" width=\"1280\" height=\"720\"\/><br \/>\n\u00a9<br \/>\nShutterstock<\/p>\n<p id=\"caption-attachment-1175543\" class=\"wp-caption-text\">Avoir<br \/>\nplusieurs animaux de compagnie peut valoir une amende dans cette<br \/>\nville.<\/p>\n<p>Une amende appliqu\u00e9e loin de la France, mais un sujet qui nous<br \/>\nconcerne<\/p>\n<p>Contrairement \u00e0 ce que certains pourraient croire, cette amende<br \/>\nexemplaire n\u2019a pas \u00e9t\u00e9 d\u00e9cid\u00e9e en France. C\u2019est \u00e0 Llub\u00ed, une<br \/>\ncommune de l\u2019\u00eele de Majorque (Espagne), que cet arr\u00eat\u00e9 municipal<br \/>\nest entr\u00e9 en vigueur en juillet 2025. La ville a durci le ton pour<br \/>\ntenter de <strong>r\u00e9guler la cohabitation entre habitants et<br \/>\nanimaux de compagnie<\/strong>. Mais aussi, pour \u00e9viter les d\u00e9rives<br \/>\nli\u00e9es \u00e0 leur prolif\u00e9ration. Car, le r\u00e8glement impose aussi la<br \/>\nst\u00e9rilisation obligatoire des chats ayant acc\u00e8s \u00e0 l\u2019ext\u00e9rieur. Et<br \/>\nil interdit leur pr\u00e9sence dans certaines zones comme les aires de<br \/>\njeux ou les parcs pour enfants.<\/p>\n<p>La municipalit\u00e9 va m\u00eame plus loin : la pr\u00e9sence prolong\u00e9e<br \/>\nd\u2019animaux sur des balcons ou petites terrasses est d\u00e9sormais<br \/>\nsurveill\u00e9e de pr\u00e8s. L\u2019objectif annonc\u00e9 est clair : <strong>limiter<br \/>\nles probl\u00e8mes de sant\u00e9 publique et les nuisances.<\/strong> Et mieux<br \/>\nencadrer la <a href=\"https:\/\/www.mariefrance.fr\/actualite\/societe\/taxe-chiens-residents-touristes-ville-devoir-payer-impot-animal-compagnie-1211467.html\" target=\"_blank\" rel=\"noopener\">possession d\u2019animaux<\/a> dans un<br \/>\ncontexte urbain de plus en plus dense.<\/p>\n<p><img loading=\"lazy\" decoding=\"async\" aria-describedby=\"caption-attachment-1090917\" class=\"size-full wp-image-1090917 img-responsive\" src=\"https:\/\/www.europesays.com\/fr\/wp-content\/uploads\/2025\/11\/animaux-de-compagnie.jpg\" alt=\"pouvoir d'achat pour animaux de compagnie\" width=\"1280\" height=\"720\"\/> \u00a9 Shutterstock<\/p>\n<p id=\"caption-attachment-1090917\" class=\"wp-caption-text\">Tous les<br \/>\npropri\u00e9taires d&rsquo;un animal de compagnie seraient susceptibles de<br \/>\nrecevoir une amende en cas de manquement aux r\u00e8gles.<\/p>\n<p>Une amende rare, mais pas inconnue en<br \/>\nFrance<\/p>\n<p>Si cette amende s\u00e9v\u00e8re ne s\u2019applique pas chez nous, la France<br \/>\nn\u2019est pas totalement \u00e9trang\u00e8re \u00e0 ce type de restrictions.<br \/>\nL\u2019Internaute rappelle qu\u2019une seule commune fran\u00e7aise a<br \/>\nd\u00e9j\u00e0 pris une mesure similaire. En septembre 2023, \u00e0 Emberm\u00e9nil, en<br \/>\nMeurthe-et-Moselle, <strong>le maire avait limit\u00e9 le nombre<br \/>\nd\u2019animaux par foyer<\/strong> \u00e0 un coq, une oie, une pintade et deux<br \/>\nchiens. Une d\u00e9cision motiv\u00e9e par les nombreuses plaintes li\u00e9es aux<br \/>\nnuisances sonores.<\/p>\n<blockquote class=\"twitter-tweet\"><p><a class=\"twitter-link\" rel=\"noindex, nofollow noopener\" href=\"https:\/\/twitter.com\/mariefrancemag\/status\/1797127218528735588\" target=\"_blank\"><\/p><\/blockquote>\n<p>Ces exemples montrent que la question du <a href=\"https:\/\/www.mariefrance.fr\/dossier\/giusypop-parfaite-harmonie-entre-bien-etre-animaux-design-dinterieur-444221.html\" target=\"_blank\" rel=\"noopener\">bien-\u00eatre animal<\/a> et de la<br \/>\ncohabitation avec les habitants reste un sujet de plus en plus<br \/>\nimportant. Et si Llub\u00ed a choisi la voie d\u2019une amende allant jusqu\u2019\u00e0<br \/>\n3000 euros pour faire respecter son nouveau r\u00e8glement, <strong>il<br \/>\nn\u2019est pas impossible que d\u2019autres villes europ\u00e9ennes suivent cette<br \/>\ndirection<\/strong> dans les ann\u00e9es \u00e0 venir.<\/p>\n<p><script async src=\"https:\/\/platform.twitter.com\/widgets.js\" charset=\"utf-8\"><\/script><\/p>\n","protected":false},"excerpt":{"rendered":"Selon les informations du journal\u00a0L\u2019Internaute, une amende pouvant grimper jusqu\u2019\u00e0 3000 euros menace d\u00e9sormais les habitants d\u2019une ville&hellip;\n","protected":false},"author":2,"featured_media":563469,"comment_status":"","ping_status":"","sticky":false,"template":"","format":"standard","meta":{"footnotes":""},"categories":[1888],"tags":[1111,1928,11,1927,21303,1777,674,1011,27,12,1926,626,1925,25],"class_list":{"0":"post-563468","1":"post","2":"type-post","3":"status-publish","4":"format-standard","5":"has-post-thumbnail","7":"category-paris","8":"tag-actu","9":"tag-actu-paris","10":"tag-actualites","11":"tag-actualites-paris","12":"tag-buzz_nonli","13":"tag-eu","14":"tag-europe","15":"tag-fr","16":"tag-france","17":"tag-news","18":"tag-news-paris","19":"tag-paris","20":"tag-paris-news","21":"tag-republique-francaise"},"share_on_mastodon":{"url":"https:\/\/pubeurope.com\/@fr\/115624788766009175","error":""},"_links":{"self":[{"href":"https:\/\/www.europesays.com\/fr\/wp-json\/wp\/v2\/posts\/563468","targetHints":{"allow":["GET"]}}],"collection":[{"href":"https:\/\/www.europesays.com\/fr\/wp-json\/wp\/v2\/posts"}],"about":[{"href":"https:\/\/www.europesays.com\/fr\/wp-json\/wp\/v2\/types\/post"}],"author":[{"embeddable":true,"href":"https:\/\/www.europesays.com\/fr\/wp-json\/wp\/v2\/users\/2"}],"replies":[{"embeddable":true,"href":"https:\/\/www.europesays.com\/fr\/wp-json\/wp\/v2\/comments?post=563468"}],"version-history":[{"count":0,"href":"https:\/\/www.europesays.com\/fr\/wp-json\/wp\/v2\/posts\/563468\/revisions"}],"wp:featuredmedia":[{"embeddable":true,"href":"https:\/\/www.europesays.com\/fr\/wp-json\/wp\/v2\/media\/563469"}],"wp:attachment":[{"href":"https:\/\/www.europesays.com\/fr\/wp-json\/wp\/v2\/media?parent=563468"}],"wp:term":[{"taxonomy":"category","embeddable":true,"href":"https:\/\/www.europesays.com\/fr\/wp-json\/wp\/v2\/categories?post=563468"},{"taxonomy":"post_tag","embeddable":true,"href":"https:\/\/www.europesays.com\/fr\/wp-json\/wp\/v2\/tags?post=563468"}],"curies":[{"name":"wp","href":"https:\/\/api.w.org\/{rel}","templated":true}]}}