{"id":563470,"date":"2025-11-28T01:43:17","date_gmt":"2025-11-28T01:43:17","guid":{"rendered":"https:\/\/www.europesays.com\/fr\/563470\/"},"modified":"2025-11-28T01:43:17","modified_gmt":"2025-11-28T01:43:17","slug":"paris-sincline-dun-souffle-face-a-plock","status":"publish","type":"post","link":"https:\/\/www.europesays.com\/fr\/563470\/","title":{"rendered":"Paris s\u2019incline d\u2019un souffle face \u00e0 Plock"},"content":{"rendered":"<p>Le PSG Handball s\u2019est inclin\u00e9 \u00e0 domicile face \u00e0 Wisla Plock (29-30), lors de la 9e journ\u00e9e de Ligue des champions. Men\u00e9s de 4 buts \u00e0 la pause (14-18) puis jusqu\u2019\u00e0 la 48e minute (24-28), les Parisiens se sont r\u00e9veill\u00e9s trop tard pour inverser la tendance. Malgr\u00e9 une belle fin de match et les 9 buts d\u2019un Elohim Prandi encore en forme, Paris conc\u00e8de une sixi\u00e8me d\u00e9faite dans la comp\u00e9tition et reste 5\u00e8me dans son groupe.<\/p>\n","protected":false},"excerpt":{"rendered":"Le PSG Handball s\u2019est inclin\u00e9 \u00e0 domicile face \u00e0 Wisla Plock (29-30), lors de la 9e journ\u00e9e de&hellip;\n","protected":false},"author":2,"featured_media":563471,"comment_status":"","ping_status":"","sticky":false,"template":"","format":"standard","meta":{"footnotes":""},"categories":[1888],"tags":[1111,1928,11,1927,1777,674,1011,27,12,1926,626,1925,25],"class_list":{"0":"post-563470","1":"post","2":"type-post","3":"status-publish","4":"format-standard","5":"has-post-thumbnail","7":"category-paris","8":"tag-actu","9":"tag-actu-paris","10":"tag-actualites","11":"tag-actualites-paris","12":"tag-eu","13":"tag-europe","14":"tag-fr","15":"tag-france","16":"tag-news","17":"tag-news-paris","18":"tag-paris","19":"tag-paris-news","20":"tag-republique-francaise"},"share_on_mastodon":{"url":"https:\/\/pubeurope.com\/@fr\/115624791508619395","error":""},"_links":{"self":[{"href":"https:\/\/www.europesays.com\/fr\/wp-json\/wp\/v2\/posts\/563470","targetHints":{"allow":["GET"]}}],"collection":[{"href":"https:\/\/www.europesays.com\/fr\/wp-json\/wp\/v2\/posts"}],"about":[{"href":"https:\/\/www.europesays.com\/fr\/wp-json\/wp\/v2\/types\/post"}],"author":[{"embeddable":true,"href":"https:\/\/www.europesays.com\/fr\/wp-json\/wp\/v2\/users\/2"}],"replies":[{"embeddable":true,"href":"https:\/\/www.europesays.com\/fr\/wp-json\/wp\/v2\/comments?post=563470"}],"version-history":[{"count":0,"href":"https:\/\/www.europesays.com\/fr\/wp-json\/wp\/v2\/posts\/563470\/revisions"}],"wp:featuredmedia":[{"embeddable":true,"href":"https:\/\/www.europesays.com\/fr\/wp-json\/wp\/v2\/media\/563471"}],"wp:attachment":[{"href":"https:\/\/www.europesays.com\/fr\/wp-json\/wp\/v2\/media?parent=563470"}],"wp:term":[{"taxonomy":"category","embeddable":true,"href":"https:\/\/www.europesays.com\/fr\/wp-json\/wp\/v2\/categories?post=563470"},{"taxonomy":"post_tag","embeddable":true,"href":"https:\/\/www.europesays.com\/fr\/wp-json\/wp\/v2\/tags?post=563470"}],"curies":[{"name":"wp","href":"https:\/\/api.w.org\/{rel}","templated":true}]}}