{"id":563474,"date":"2025-11-28T01:45:38","date_gmt":"2025-11-28T01:45:38","guid":{"rendered":"https:\/\/www.europesays.com\/fr\/563474\/"},"modified":"2025-11-28T01:45:38","modified_gmt":"2025-11-28T01:45:38","slug":"la-bourse-de-paris-termine-a-lequilibre-a-lissue-dune-seance-calme-27-11-2025-a-1849","status":"publish","type":"post","link":"https:\/\/www.europesays.com\/fr\/563474\/","title":{"rendered":"La Bourse de Paris termine \u00e0 l&rsquo;\u00e9quilibre \u00e0 l&rsquo;issue d&rsquo;une s\u00e9ance calme &#8211; 27\/11\/2025 \u00e0 18:49"},"content":{"rendered":"<p>        <img decoding=\"async\" src=\"https:\/\/www.europesays.com\/fr\/wp-content\/uploads\/2025\/11\/82c8eaa8f7e9674845b2050b5b42df43-760x454.jpg\" alt=\"La salle de contr\u00f4le d'Euronext, soci\u00e9t\u00e9 qui g\u00e8re la Bourse de Paris ( AFP \/ ERIC PIERMONT )\" loading=\"eager\" fetchpriority=\"high\" width=\"760\" height=\"454\" style=\"max-width: 100%!important; height: auto;\"\/><\/p>\n<p class=\"c-image-news__legend\">La salle de contr\u00f4le d&rsquo;Euronext, soci\u00e9t\u00e9 qui g\u00e8re la Bourse de Paris ( AFP \/ ERIC PIERMONT )<\/p>\n<p>\n La Bourse de Paris a conclu jeudi en l\u00e9g\u00e8re hausse (+0,04%) une s\u00e9ance atone, \u00e0 l&rsquo;issue d&rsquo;une journ\u00e9e sans \u00e9v\u00e9nement majeur \u00e0 l&rsquo;agenda et sans les investisseurs am\u00e9ricains, absents pour Thanksgiving, jour f\u00e9ri\u00e9 aux Etats-Unis.\n<\/p>\n<p>\n L&rsquo;indice vedette de la Bourse de Paris, le CAC 40, a termin\u00e9 en l\u00e9g\u00e8re hausse de 3,04 points et s&rsquo;est \u00e9tabli \u00e0 8.099,47 points \u00e0 la cl\u00f4ture. Mercredi, il avait pris 0,88%, cl\u00f4turant \u00e0 8.096,43 points.\n<\/p>\n<p>\n Cette journ\u00e9e a \u00e9t\u00e9 \u00ab\u00a0particuli\u00e8rement calme parce que les march\u00e9s sont ferm\u00e9s pour Thanksgiving\u00a0\u00bb aux Etats-Unis, a soulign\u00e9 Am\u00e9lie Derambure, g\u00e9rante de portefeuille diversifi\u00e9 chez<br \/>\n <a href=\"https:\/\/www.boursorama.com\/cours\/1rPAMUN\/\" target=\"_blank\" rel=\"noopener\"><br \/>\n  Amundi<br \/>\n <\/a><br \/>\n , d\u00e9crivant un march\u00e9 parisien \u00ab\u00a0positivement orient\u00e9 mais sans grosse variation\u00a0\u00bb.\n<\/p>\n<p>\n Elle a not\u00e9 comme facteur de soutien \u00ab\u00a0une baisse attendue des taux de la R\u00e9serve f\u00e9d\u00e9rale am\u00e9ricaine (Fed) mi-d\u00e9cembre\u00a0\u00bb et \u00ab\u00a0les efforts pour parvenir \u00e0 un cessez-le-feu en Ukraine\u00a0\u00bb.\n<\/p>\n<p>\n Une pluie d&rsquo;indicateurs \u00e9conomiques aux Etats-Unis avaient muscl\u00e9 les anticipations d&rsquo;une prochaine baisse de taux de la banque centrale am\u00e9ricaine (Fed) d&rsquo;un quart de point, lors de sa r\u00e9union des 9 et 10 d\u00e9cembre.\n<\/p>\n<p>\n Dernier en date: le Livre beige de la Fed, enqu\u00eate r\u00e9guli\u00e8re bas\u00e9e sur les remont\u00e9es d&rsquo;acteurs \u00e9conomiques, a montr\u00e9 mercredi que le march\u00e9 de l&#8217;emploi se d\u00e9gradait aux Etats-Unis, ce qui lui donne \u00e0 la Fed une marge de man\u0153uvre pour assouplir sa politique mon\u00e9taire afin de soutenir l&rsquo;activit\u00e9.\n<\/p>\n<p>\n Le fabricant fran\u00e7ais de v\u00e9hicules de loisirs Trigano, leader europ\u00e9en du camping-car (marques Chausson, Challenger, Adria&#8230;), a termin\u00e9 en tr\u00e8s forte hausse de 15,97%, \u00e0 171,40 euros.\n<\/p>\n<p>\n Le groupe avait publi\u00e9 mercredi un b\u00e9n\u00e9fice et un chiffre d&rsquo;affaires en recul sur son exercice d\u00e9cal\u00e9 2024-2025. Toutefois, ces r\u00e9sultats sont \u00ab\u00a0globalement en ligne avec les attentes\u00a0\u00bb et ont mis en exergue \u00ab\u00a0une excellente g\u00e9n\u00e9ration de flux de tr\u00e9sorerie\u00a0\u00bb, ont relev\u00e9 les analystes d&rsquo;Oddo BHF dans une note.\n<\/p>\n<p>\n C\u00f4t\u00e9 perspectives, Trigano a pr\u00e9vu d&rsquo;augmenter \u00ab\u00a0de fa\u00e7on progressive ses productions\u00a0\u00bb au premier semestre 2026 et a aussi not\u00e9 une \u00ab\u00a0bonne progression de ses carnets de commandes\u00a0\u00bb.\n<\/p>\n<p>\n <a href=\"https:\/\/www.boursorama.com\/cours\/1rPENX\/\" target=\"_blank\" rel=\"noopener\"><br \/>\n  Euronext<br \/>\n <\/a><br \/>\n CAC40<\/p>\n","protected":false},"excerpt":{"rendered":"La salle de contr\u00f4le d&rsquo;Euronext, soci\u00e9t\u00e9 qui g\u00e8re la Bourse de Paris ( AFP \/ ERIC PIERMONT )&hellip;\n","protected":false},"author":2,"featured_media":563475,"comment_status":"","ping_status":"","sticky":false,"template":"","format":"standard","meta":{"footnotes":""},"categories":[1888],"tags":[400,11,398,408,405,1777,674,1011,27,403,402,399,404,12,626,25,401,406,407],"class_list":{"0":"post-563474","1":"post","2":"type-post","3":"status-publish","4":"format-standard","5":"has-post-thumbnail","7":"category-paris","8":"tag-action-cac-40","9":"tag-actualites","10":"tag-bourse-de-paris","11":"tag-boursorama","12":"tag-cotations","13":"tag-eu","14":"tag-europe","15":"tag-fr","16":"tag-france","17":"tag-indices-devises","18":"tag-investir","19":"tag-investissement","20":"tag-marche-boursier","21":"tag-news","22":"tag-paris","23":"tag-republique-francaise","24":"tag-sicav","25":"tag-trackers","26":"tag-warrants"},"share_on_mastodon":{"url":"https:\/\/pubeurope.com\/@fr\/115624800219730531","error":""},"_links":{"self":[{"href":"https:\/\/www.europesays.com\/fr\/wp-json\/wp\/v2\/posts\/563474","targetHints":{"allow":["GET"]}}],"collection":[{"href":"https:\/\/www.europesays.com\/fr\/wp-json\/wp\/v2\/posts"}],"about":[{"href":"https:\/\/www.europesays.com\/fr\/wp-json\/wp\/v2\/types\/post"}],"author":[{"embeddable":true,"href":"https:\/\/www.europesays.com\/fr\/wp-json\/wp\/v2\/users\/2"}],"replies":[{"embeddable":true,"href":"https:\/\/www.europesays.com\/fr\/wp-json\/wp\/v2\/comments?post=563474"}],"version-history":[{"count":0,"href":"https:\/\/www.europesays.com\/fr\/wp-json\/wp\/v2\/posts\/563474\/revisions"}],"wp:featuredmedia":[{"embeddable":true,"href":"https:\/\/www.europesays.com\/fr\/wp-json\/wp\/v2\/media\/563475"}],"wp:attachment":[{"href":"https:\/\/www.europesays.com\/fr\/wp-json\/wp\/v2\/media?parent=563474"}],"wp:term":[{"taxonomy":"category","embeddable":true,"href":"https:\/\/www.europesays.com\/fr\/wp-json\/wp\/v2\/categories?post=563474"},{"taxonomy":"post_tag","embeddable":true,"href":"https:\/\/www.europesays.com\/fr\/wp-json\/wp\/v2\/tags?post=563474"}],"curies":[{"name":"wp","href":"https:\/\/api.w.org\/{rel}","templated":true}]}}