{"id":563480,"date":"2025-11-28T01:48:11","date_gmt":"2025-11-28T01:48:11","guid":{"rendered":"https:\/\/www.europesays.com\/fr\/563480\/"},"modified":"2025-11-28T01:48:11","modified_gmt":"2025-11-28T01:48:11","slug":"on-va-les-arreter-sur-terre-donald-trump-ouvre-la-voie-a-des-interventions-sur-le-territoire-venezuelien","status":"publish","type":"post","link":"https:\/\/www.europesays.com\/fr\/563480\/","title":{"rendered":"\u00ab\u00a0On va les arr\u00eater sur terre\u00a0\u00bb\u00a0: Donald Trump ouvre la voie \u00e0 des interventions sur le territoire v\u00e9n\u00e9zu\u00e9lien"},"content":{"rendered":"<p class=\"paragraph text_align_left lp-f-body-02\">Les <a href=\"https:\/\/www.leparisien.fr\/international\/etats-unis\/\" target=\"_blank\" rel=\"noreferrer noopener\">\u00c9tats-Unis<\/a> vont \u00ab tr\u00e8s bient\u00f4t \u00bb commencer \u00e0 cibler des \u00ab trafiquants de drogue v\u00e9n\u00e9zu\u00e9liens \u00bb lors d\u2019op\u00e9rations \u00ab sur terre \u00bb, et pas seulement en mer, a annonc\u00e9 jeudi <a href=\"https:\/\/www.leparisien.fr\/international\/etats-unis\/donald-trump\/\" target=\"_blank\" rel=\"noreferrer noopener\">Donald Trump<\/a>, en plein \u00e9pisode de fortes tensions entre Washington et Caracas. \u00ab Vous avez probablement remarqu\u00e9 que les gens ne veulent plus livrer (de la drogue) par la mer, et nous allons commencer \u00e0 les arr\u00eater sur terre \u00e9galement \u00bb, a assur\u00e9 le pr\u00e9sident am\u00e9ricain lors d\u2019une conversation t\u00e9l\u00e9vis\u00e9e avec les forces arm\u00e9es pour Thanksgiving. \u00ab La voie terrestre est plus facile, mais cela va commencer tr\u00e8s bient\u00f4t. \u00bb<\/p>\n<p class=\"title-embed-dailymotion lp-color-text lp-f-subtitle-04\">Vid\u00e9oTrump admet avoir demand\u00e9 \u00e0 la CIA d&rsquo;agir au Venezuela<\/p>\n<p class=\"paragraph text_align_left lp-f-body-02\">Depuis septembre, les forces am\u00e9ricaines ont cibl\u00e9 plus de 20 navires soup\u00e7onn\u00e9s de trafic de drogue dans la mer des Cara\u00efbes et le Pacifique Est, faisant au moins 83 morts. Ils ont \u00e9galement d\u00e9ploy\u00e9 dans les Cara\u00efbes mi-novembre le plus grand porte-avions du monde, l\u2019USS Gerald Ford, et son groupe a\u00e9ronaval, Washington assurant que c\u2019est pour des op\u00e9rations antidrogue.<\/p>\n<p class=\"paragraph text_align_left lp-f-body-02\">Mais le pr\u00e9sident v\u00e9n\u00e9zu\u00e9lien Nicol\u00e1s Maduro a d\u00e9nonc\u00e9 une man\u0153uvre militaire visant \u00e0 le renverser et \u00e0 s\u2019emparer des r\u00e9serves de p\u00e9trole de son pays. Donald Trump a autoris\u00e9 des actions clandestines de la CIA au Venezuela et n\u2019exclut pas une intervention militaire, tout en assurant qu\u2019il va parler avec Nicol\u00e1s Maduro.<\/p>\n","protected":false},"excerpt":{"rendered":"Les \u00c9tats-Unis vont \u00ab tr\u00e8s bient\u00f4t \u00bb commencer \u00e0 cibler des \u00ab trafiquants de drogue v\u00e9n\u00e9zu\u00e9liens \u00bb lors&hellip;\n","protected":false},"author":2,"featured_media":563481,"comment_status":"","ping_status":"","sticky":false,"template":"","format":"standard","meta":{"footnotes":""},"categories":[1589],"tags":[11,73,1866,14,12,1864,1865,1863,308],"class_list":{"0":"post-563480","1":"post","2":"type-post","3":"status-publish","4":"format-standard","5":"has-post-thumbnail","7":"category-etats-unis","8":"tag-actualites","9":"tag-etats-unis","10":"tag-etats-unis-damerique","11":"tag-international","12":"tag-news","13":"tag-united-states","14":"tag-united-states-of-america","15":"tag-us","16":"tag-usa"},"share_on_mastodon":{"url":"https:\/\/pubeurope.com\/@fr\/115624811494653251","error":""},"_links":{"self":[{"href":"https:\/\/www.europesays.com\/fr\/wp-json\/wp\/v2\/posts\/563480","targetHints":{"allow":["GET"]}}],"collection":[{"href":"https:\/\/www.europesays.com\/fr\/wp-json\/wp\/v2\/posts"}],"about":[{"href":"https:\/\/www.europesays.com\/fr\/wp-json\/wp\/v2\/types\/post"}],"author":[{"embeddable":true,"href":"https:\/\/www.europesays.com\/fr\/wp-json\/wp\/v2\/users\/2"}],"replies":[{"embeddable":true,"href":"https:\/\/www.europesays.com\/fr\/wp-json\/wp\/v2\/comments?post=563480"}],"version-history":[{"count":0,"href":"https:\/\/www.europesays.com\/fr\/wp-json\/wp\/v2\/posts\/563480\/revisions"}],"wp:featuredmedia":[{"embeddable":true,"href":"https:\/\/www.europesays.com\/fr\/wp-json\/wp\/v2\/media\/563481"}],"wp:attachment":[{"href":"https:\/\/www.europesays.com\/fr\/wp-json\/wp\/v2\/media?parent=563480"}],"wp:term":[{"taxonomy":"category","embeddable":true,"href":"https:\/\/www.europesays.com\/fr\/wp-json\/wp\/v2\/categories?post=563480"},{"taxonomy":"post_tag","embeddable":true,"href":"https:\/\/www.europesays.com\/fr\/wp-json\/wp\/v2\/tags?post=563480"}],"curies":[{"name":"wp","href":"https:\/\/api.w.org\/{rel}","templated":true}]}}