{"id":563486,"date":"2025-11-28T01:51:17","date_gmt":"2025-11-28T01:51:17","guid":{"rendered":"https:\/\/www.europesays.com\/fr\/563486\/"},"modified":"2025-11-28T01:51:17","modified_gmt":"2025-11-28T01:51:17","slug":"22-milliards-deuros-pour-lindependance-de-leurope","status":"publish","type":"post","link":"https:\/\/www.europesays.com\/fr\/563486\/","title":{"rendered":"22 milliards d&rsquo;euros pour l&rsquo;ind\u00e9pendance de l&rsquo;Europe"},"content":{"rendered":"<p style=\"text-align:\">Du jamais vu : l&rsquo;agence spatiale europ\u00e9enne (ESA) a obtenu 22,1 milliards d&rsquo;euros de ses \u00c9tats membres pour financer ses programmes lors des trois prochaines ann\u00e9es, un signal fort pour l&rsquo;ind\u00e9pendance de l&rsquo;Europe dans le domaine spatial.<\/p>\n<p><a href=\"https:\/\/lecourrier.vn\/lagence-spatiale-europeenne-devoile-la-premiere-page-de-latlas-cosmique-deuclid\/1271044.html\" title=\"L&#039;Agence spatiale europ\u00e9enne d\u00e9voile la premi\u00e8re page de l&#039;atlas cosmique d&#039;Euclid\" target=\"_blank\" rel=\"noopener\">&gt;&gt; L&rsquo;Agence spatiale europ\u00e9enne d\u00e9voile la premi\u00e8re page de l&rsquo;atlas cosmique d&rsquo;Euclid<\/a><\/p>\n<p><a href=\"https:\/\/lecourrier.vn\/la-start-up-allemande-isar-aerospace-decroche-son-premier-contrat-avec-lesa\/1289658.html\" title=\"La start-up allemande Isar Aerospace d\u00e9croche son premier contrat avec l&#039;ESA\" target=\"_blank\" rel=\"noopener\">&gt;&gt; La start-up allemande Isar Aerospace d\u00e9croche son premier contrat avec l&rsquo;ESA<\/a><\/p>\n<tr>\n<td class=\"pic\"><img decoding=\"async\" class=\"lazyload\" src=\"https:\/\/www.europesays.com\/fr\/wp-content\/uploads\/2025\/11\/072527-a.webp.webp\" alt=\"\"\/><\/td>\n<\/tr>\n<tr>\n<td class=\"caption\">Le logo de l&rsquo;ESA lors de la r\u00e9union minist\u00e9rielle de l&rsquo;Agence spatiale europ\u00e9enne (ESA) au Centre des congr\u00e8s de Br\u00eame, dans le Nord de l&rsquo;Allemagne, le 26 novembre.\u00a0\u00a0<\/td>\n<\/tr>\n<tr align=\"right\">\n<td class=\"author\">Photo : AFP\/VNA\/CVN<\/td>\n<\/tr>\n<p style=\"text-align:left\">Le montant de ces contributions -finalis\u00e9es jeudi 27 novembre \u00e0 l&rsquo;issue du conseil de l&rsquo;agence au niveau minist\u00e9riel \u00e0 Br\u00eame (Allemagne)- est en hausse de plus de 5 milliards d&rsquo;euros par rapport \u00e0 la pr\u00e9c\u00e9dente minist\u00e9rielle organis\u00e9e \u00e0 Paris en 2022, o\u00f9 16,9 milliards d&rsquo;euros avaient \u00e9t\u00e9 engag\u00e9s.<\/p>\n<p style=\"text-align:left\">Surtout, l&rsquo;agence europ\u00e9enne a quasiment obtenu 100% des souscriptions qu&rsquo;elle esp\u00e9rait, un niveau jamais vu auparavant.<\/p>\n<p style=\"text-align:left\">\u00ab\u00a0J&rsquo;adresse mes remerciements aux pays membres, associ\u00e9s ou coop\u00e9rants. Vous avez fait l&rsquo;histoire\u00a0\u00bb, s&rsquo;est r\u00e9joui le directeur g\u00e9n\u00e9ral de l&rsquo;ESA au moment de l&rsquo;annonce des r\u00e9sultats.<\/p>\n<p style=\"text-align:left\">L&rsquo;ESA, qui f\u00eate cette ann\u00e9e ses 50 ans d&rsquo;existence, coordonne des projets spatiaux civils entre ses pays membres et travaille \u00e9galement r\u00e9guli\u00e8rement avec les instances europ\u00e9ennes.<\/p>\n<p style=\"text-align:left\">Ces chiffres en hausse s&rsquo;inscrivent dans une tendance qui s&rsquo;acc\u00e9l\u00e8re puisque les sommes obtenues par l&rsquo;ESA en 2025 repr\u00e9sentent quasiment le double de celles qui avaient \u00e9t\u00e9 obtenues en 2016 \u00e0 Lucerne (Suisse).<\/p>\n<p style=\"text-align:left\">En pr\u00e9ambule de cette r\u00e9union, l&rsquo;ESA esp\u00e9rait obtenir 22,2 milliards d&rsquo;euros. Les contributions obtenues sont donc tr\u00e8s proches de cet objectif, ce qui est rarement le cas. Les experts tablaient plut\u00f4t sur une vingtaine de milliards d&rsquo;euros pour ce nouveau financement des programmes de l&rsquo;agence jusqu&rsquo;en 2028.<\/p>\n<p style=\"text-align:left\">Le paysage spatial a profond\u00e9ment \u00e9volu\u00e9 ces derni\u00e8res ann\u00e9es, avec l&rsquo;\u00e9mergence d&rsquo;entreprises priv\u00e9es tr\u00e8s puissantes (SpaceX, Blue Origin) et un contexte international devenu trouble en raison de la mont\u00e9e des conflits ou de l&rsquo;\u00e9lection de Donald Trump aux \u00c9tats-Unis, pays majeur du spatial.<\/p>\n<p style=\"text-align:left\">L&rsquo;espace, reconnu comme domaine strat\u00e9gique, concerne d\u00e9sormais l&rsquo;\u00e9conomie, la s\u00e9curit\u00e9, la capacit\u00e9 d&rsquo;actions en faveur du climat et la souverainet\u00e9 num\u00e9rique des \u00c9tats membres.<\/p>\n<p style=\"text-align:left\">\u00ab\u00a0Toutes les crises apportent leur lot d&rsquo;opportunit\u00e9s, et beaucoup de choses ont chang\u00e9 ces derni\u00e8res ann\u00e9es\u00a0\u00bb, a comment\u00e9 M. Aschbacher.<\/p>\n<p style=\"text-align:left\">\u00ab\u00a0En premier lieu, la guerre d&rsquo;agression men\u00e9e par la Russie en Ukraine a montr\u00e9 \u00e0 tous, tr\u00e8s clairement, y compris aux populations, ce que cela voulait dire que d&rsquo;\u00eatre d\u00e9pendant technologiquement de milliardaires. Et la r\u00e9silience de souverainet\u00e9 est donc d\u00e9cisive\u00a0\u00bb, a-t-il soulign\u00e9.<\/p>\n<p style=\"text-align:left\"><b>L&rsquo;Allemagne premi\u00e8re contributrice<\/b><\/p>\n<p style=\"text-align:left\">Au c\u0153ur des discussions, a notamment \u00e9t\u00e9 adopt\u00e9 le programme ERS, pour +Europe Resilience from Space+, qui regroupe l&rsquo;observation de la terre, la navigation et les t\u00e9l\u00e9communications.<\/p>\n<tr>\n<td class=\"pic\"><img decoding=\"async\" class=\"lazyload\" src=\"https:\/\/www.europesays.com\/fr\/wp-content\/uploads\/2025\/11\/072539-b.webp.webp\" alt=\"\"\/><\/td>\n<\/tr>\n<tr>\n<td class=\"caption\">La ministre allemande de la Recherche, de la Technologie et de l&rsquo;A\u00e9rospatiale, Dorothee Baer, et le directeur g\u00e9n\u00e9ral de l&rsquo;ESA, Josef Aschbacher.<\/td>\n<\/tr>\n<tr align=\"right\">\n<td class=\"author\">Photo : AFP\/VNA\/CVN<\/td>\n<\/tr>\n<p style=\"text-align:left\">C&rsquo;est un programme qui, comme d&rsquo;autres, est dual par nature, c&rsquo;est-\u00e0-dire que ses applications peuvent \u00eatre \u00e0 la fois civiles et militaires.<\/p>\n<p style=\"text-align:left\">Son enveloppe est estim\u00e9e \u00e0 1,35 milliard d&rsquo;euros et son but est de renforcer la s\u00e9curit\u00e9 europ\u00e9enne.<\/p>\n<p style=\"text-align:left\">Comme attendu, le conseil a d\u00e9bouch\u00e9 sur une mont\u00e9e en puissance des financements de la part de l&rsquo;Allemagne, au-del\u00e0 des 5 milliards d&rsquo;euros, ce qui la place d\u00e9sormais loin devant la France qui a \u00e9lev\u00e9 ses souscriptions \u00e0 3,6 milliards d&rsquo;euros, contre 3,2 en 2022.<\/p>\n<p style=\"text-align:left\">\u00ab\u00a0Il y a une tr\u00e8s grosse contribution fran\u00e7aise \u00e0 l&rsquo;espace qui s&rsquo;inscrit dans une contribution europ\u00e9enne, mais aussi \u00e0 travers un certain nombre de programmes nationaux, en dehors de l&rsquo;ESA. Au total, c&rsquo;est 16 milliards d&rsquo;euros qui sont aujourd&rsquo;hui mis sur la table par la France, d&rsquo;ici 2030, sur le spatial civil\u00a0\u00bb, a rappel\u00e9 le ministre fran\u00e7ais de l&rsquo;enseignement sup\u00e9rieur, de la recherche et de l&rsquo;espace, Philippe Baptiste.<\/p>\n<p style=\"text-align:left\">La France a toutefois soulign\u00e9 que l&rsquo;ESA devait d\u00e9sormais travailler sur la m\u00e9thode.<\/p>\n<p style=\"text-align:left\">\u00ab\u00a0On a besoin d&rsquo;avoir une strat\u00e9gie et puis, apr\u00e8s, de la financer. Arr\u00eater peut-\u00eatre les sommes de projets qui viennent de partout\u00a0\u00bb, a estim\u00e9 le ministre fran\u00e7ais, avant d&rsquo;ajouter : \u00ab\u00a0Il faut quelque part une gouvernance qui soit forte. Et cette bonne gouvernance, c&rsquo;est \u00e9videmment l&rsquo;Union europ\u00e9enne\u00a0\u00bb.<\/p>\n<p style=\"text-align:right\"><b>AFP\/VNA\/CVN<\/b><\/p>\n","protected":false},"excerpt":{"rendered":"Du jamais vu : l&rsquo;agence spatiale europ\u00e9enne (ESA) a obtenu 22,1 milliards d&rsquo;euros de ses \u00c9tats membres pour&hellip;\n","protected":false},"author":2,"featured_media":563487,"comment_status":"","ping_status":"","sticky":false,"template":"","format":"standard","meta":{"footnotes":""},"categories":[1586],"tags":[11,6447,386,1777,674,1011,27,12,25],"class_list":{"0":"post-563486","1":"post","2":"type-post","3":"status-publish","4":"format-standard","5":"has-post-thumbnail","7":"category-europe","8":"tag-actualites","9":"tag-esa","10":"tag-espace","11":"tag-eu","12":"tag-europe","13":"tag-fr","14":"tag-france","15":"tag-news","16":"tag-republique-francaise"},"share_on_mastodon":{"url":"https:\/\/pubeurope.com\/@fr\/115624823553728010","error":""},"_links":{"self":[{"href":"https:\/\/www.europesays.com\/fr\/wp-json\/wp\/v2\/posts\/563486","targetHints":{"allow":["GET"]}}],"collection":[{"href":"https:\/\/www.europesays.com\/fr\/wp-json\/wp\/v2\/posts"}],"about":[{"href":"https:\/\/www.europesays.com\/fr\/wp-json\/wp\/v2\/types\/post"}],"author":[{"embeddable":true,"href":"https:\/\/www.europesays.com\/fr\/wp-json\/wp\/v2\/users\/2"}],"replies":[{"embeddable":true,"href":"https:\/\/www.europesays.com\/fr\/wp-json\/wp\/v2\/comments?post=563486"}],"version-history":[{"count":0,"href":"https:\/\/www.europesays.com\/fr\/wp-json\/wp\/v2\/posts\/563486\/revisions"}],"wp:featuredmedia":[{"embeddable":true,"href":"https:\/\/www.europesays.com\/fr\/wp-json\/wp\/v2\/media\/563487"}],"wp:attachment":[{"href":"https:\/\/www.europesays.com\/fr\/wp-json\/wp\/v2\/media?parent=563486"}],"wp:term":[{"taxonomy":"category","embeddable":true,"href":"https:\/\/www.europesays.com\/fr\/wp-json\/wp\/v2\/categories?post=563486"},{"taxonomy":"post_tag","embeddable":true,"href":"https:\/\/www.europesays.com\/fr\/wp-json\/wp\/v2\/tags?post=563486"}],"curies":[{"name":"wp","href":"https:\/\/api.w.org\/{rel}","templated":true}]}}