{"id":563488,"date":"2025-11-28T01:52:13","date_gmt":"2025-11-28T01:52:13","guid":{"rendered":"https:\/\/www.europesays.com\/fr\/563488\/"},"modified":"2025-11-28T01:52:13","modified_gmt":"2025-11-28T01:52:13","slug":"ligne-rouge-je-nai-jamais-eu-de-compte-en-suisse-laffaire-jerome-cahuzac-actualites","status":"publish","type":"post","link":"https:\/\/www.europesays.com\/fr\/563488\/","title":{"rendered":"LIGNE ROUGE &#8211; \u00ab\u00a0Je n&rsquo;ai jamais eu de compte en Suisse\u00a0\u00bb: l&rsquo;affaire J\u00e9r\u00f4me Cahuzac : Actualit\u00e9s"},"content":{"rendered":"<p class=\"a__paragraph text-gray3 \" id=\"atm-video-summary-text\">\n                    BFMTV f\u00eate ses 20 ans ce jeudi 27 novembre. 20 ans qui ont chang\u00e9 l\u2019info avec des \u00e9v\u00e9nements inscrits \u00e0 jamais dans la m\u00e9moire des Fran\u00e7ais. Ce jeudi 27 novembre, Alain Marshall et Olivier Truchot pr\u00e9sentent une grande soir\u00e9e sp\u00e9ciale \u201cBFMTV, 20 ans d\u2019info\u201d pour revenir sur ces deux d\u00e9cennies d\u2019actualit\u00e9 en compagnie de grands t\u00e9moins de ces \u00e9v\u00e8nements historiques et de personnalit\u00e9s embl\u00e9matiques de la cha\u00eene.\u00a0\n            <\/p>\n","protected":false},"excerpt":{"rendered":"BFMTV f\u00eate ses 20 ans ce jeudi 27 novembre. 20 ans qui ont chang\u00e9 l\u2019info avec des \u00e9v\u00e9nements&hellip;\n","protected":false},"author":2,"featured_media":563489,"comment_status":"","ping_status":"","sticky":false,"template":"","format":"standard","meta":{"footnotes":""},"categories":[1586],"tags":[11,1777,674,1779,1011,27,12,25,1778,364],"class_list":{"0":"post-563488","1":"post","2":"type-post","3":"status-publish","4":"format-standard","5":"has-post-thumbnail","7":"category-europe","8":"tag-actualites","9":"tag-eu","10":"tag-europe","11":"tag-european-union","12":"tag-fr","13":"tag-france","14":"tag-news","15":"tag-republique-francaise","16":"tag-ue","17":"tag-union-europeenne"},"share_on_mastodon":{"url":"https:\/\/pubeurope.com\/@fr\/115624827028674665","error":""},"_links":{"self":[{"href":"https:\/\/www.europesays.com\/fr\/wp-json\/wp\/v2\/posts\/563488","targetHints":{"allow":["GET"]}}],"collection":[{"href":"https:\/\/www.europesays.com\/fr\/wp-json\/wp\/v2\/posts"}],"about":[{"href":"https:\/\/www.europesays.com\/fr\/wp-json\/wp\/v2\/types\/post"}],"author":[{"embeddable":true,"href":"https:\/\/www.europesays.com\/fr\/wp-json\/wp\/v2\/users\/2"}],"replies":[{"embeddable":true,"href":"https:\/\/www.europesays.com\/fr\/wp-json\/wp\/v2\/comments?post=563488"}],"version-history":[{"count":0,"href":"https:\/\/www.europesays.com\/fr\/wp-json\/wp\/v2\/posts\/563488\/revisions"}],"wp:featuredmedia":[{"embeddable":true,"href":"https:\/\/www.europesays.com\/fr\/wp-json\/wp\/v2\/media\/563489"}],"wp:attachment":[{"href":"https:\/\/www.europesays.com\/fr\/wp-json\/wp\/v2\/media?parent=563488"}],"wp:term":[{"taxonomy":"category","embeddable":true,"href":"https:\/\/www.europesays.com\/fr\/wp-json\/wp\/v2\/categories?post=563488"},{"taxonomy":"post_tag","embeddable":true,"href":"https:\/\/www.europesays.com\/fr\/wp-json\/wp\/v2\/tags?post=563488"}],"curies":[{"name":"wp","href":"https:\/\/api.w.org\/{rel}","templated":true}]}}