{"id":563490,"date":"2025-11-28T01:53:16","date_gmt":"2025-11-28T01:53:16","guid":{"rendered":"https:\/\/www.europesays.com\/fr\/563490\/"},"modified":"2025-11-28T01:53:16","modified_gmt":"2025-11-28T01:53:16","slug":"service-militaire-la-colere-monte-apres-les-annonces-demmanuel-macron","status":"publish","type":"post","link":"https:\/\/www.europesays.com\/fr\/563490\/","title":{"rendered":"Service militaire : la col\u00e8re monte apr\u00e8s les annonces d&rsquo;Emmanuel Macron"},"content":{"rendered":"<p>Emmanuel Macron a act\u00e9 le basculement. Le service national universel, pens\u00e9 comme un vecteur de citoyennet\u00e9, sera remplac\u00e9 par un dispositif \u00ab\u00a0purement militaire\u00a0\u00bb. \u00c0 Varces, en Is\u00e8re, devant de jeunes soldats d\u00e9crits comme \u00ab\u00a0la jeunesse de France qui se tient pr\u00eate\u00a0\u00bb, <a href=\"https:\/\/www.humanite.fr\/societe\/armee-francaise\/emmanuel-macron-acte-le-basculement-du-service-national-universel-vers-un-service-purement-militaire\" target=\"_blank\" rel=\"noopener\">le chef de l\u2019\u00c9tat a annonc\u00e9 l\u2019instauration progressive, d\u00e8s l\u2019\u00e9t\u00e9 prochain, d\u2019un nouveau service militaire<\/a>. R\u00e9serv\u00e9 aux volontaires, il s\u2019\u00e9tendra sur dix mois\u00a0: un mois de formation initiale, puis neuf mois au sein d\u2019une unit\u00e9, \u00ab\u00a0avec les m\u00eames missions que l\u2019arm\u00e9e d\u2019active\u00a0\u00bb sur le territoire national.<\/p>\n<p>Le dispositif doit concerner 3\u00a0000 jeunes en 2026, 10\u00a0000 en 2030, et jusqu\u2019\u00e0 50\u00a0000 en 2035, \u00ab\u00a0\u00e0 adapter&#8230;<\/p>\n","protected":false},"excerpt":{"rendered":"Emmanuel Macron a act\u00e9 le basculement. Le service national universel, pens\u00e9 comme un vecteur de citoyennet\u00e9, sera remplac\u00e9&hellip;\n","protected":false},"author":2,"featured_media":563491,"comment_status":"","ping_status":"","sticky":false,"template":"","format":"standard","meta":{"footnotes":""},"categories":[2],"tags":[11,67962,1011,27,4075,12,25],"class_list":{"0":"post-563490","1":"post","2":"type-post","3":"status-publish","4":"format-standard","5":"has-post-thumbnail","7":"category-actualites","8":"tag-actualites","9":"tag-armu00e9e-franu00e7aise","10":"tag-fr","11":"tag-france","12":"tag-jeunesse","13":"tag-news","14":"tag-republique-francaise"},"share_on_mastodon":{"url":"https:\/\/pubeurope.com\/@fr\/115624830968304681","error":""},"_links":{"self":[{"href":"https:\/\/www.europesays.com\/fr\/wp-json\/wp\/v2\/posts\/563490","targetHints":{"allow":["GET"]}}],"collection":[{"href":"https:\/\/www.europesays.com\/fr\/wp-json\/wp\/v2\/posts"}],"about":[{"href":"https:\/\/www.europesays.com\/fr\/wp-json\/wp\/v2\/types\/post"}],"author":[{"embeddable":true,"href":"https:\/\/www.europesays.com\/fr\/wp-json\/wp\/v2\/users\/2"}],"replies":[{"embeddable":true,"href":"https:\/\/www.europesays.com\/fr\/wp-json\/wp\/v2\/comments?post=563490"}],"version-history":[{"count":0,"href":"https:\/\/www.europesays.com\/fr\/wp-json\/wp\/v2\/posts\/563490\/revisions"}],"wp:featuredmedia":[{"embeddable":true,"href":"https:\/\/www.europesays.com\/fr\/wp-json\/wp\/v2\/media\/563491"}],"wp:attachment":[{"href":"https:\/\/www.europesays.com\/fr\/wp-json\/wp\/v2\/media?parent=563490"}],"wp:term":[{"taxonomy":"category","embeddable":true,"href":"https:\/\/www.europesays.com\/fr\/wp-json\/wp\/v2\/categories?post=563490"},{"taxonomy":"post_tag","embeddable":true,"href":"https:\/\/www.europesays.com\/fr\/wp-json\/wp\/v2\/tags?post=563490"}],"curies":[{"name":"wp","href":"https:\/\/api.w.org\/{rel}","templated":true}]}}