{"id":563494,"date":"2025-11-28T01:55:22","date_gmt":"2025-11-28T01:55:22","guid":{"rendered":"https:\/\/www.europesays.com\/fr\/563494\/"},"modified":"2025-11-28T01:55:22","modified_gmt":"2025-11-28T01:55:22","slug":"france-energies-marines-un-projet-europeen-pour-ameliorer-la-durabilite-des-parcs-eoliens","status":"publish","type":"post","link":"https:\/\/www.europesays.com\/fr\/563494\/","title":{"rendered":"France Energies Marines : un projet europ\u00e9en pour am\u00e9liorer la durabilit\u00e9 des parcs \u00e9oliens"},"content":{"rendered":"<p>\n      D\u00e9j\u00e0 impliqu\u00e9 dans plusieurs projets europ\u00e9ens, l\u2019Institut fran\u00e7ais d\u00e9di\u00e9 aux \u00e9nergies marines renouvelables va assurer pour la premi\u00e8re fois la coordination compl\u00e8te d\u2019un projet europ\u00e9en.\n    <\/p>\n<p>France Energies Marines va coordonner pendant quatre ans un projet europ\u00e9en d\u00e9nomm\u00e9 COMPASS (Comprehensive Offshore Management Platform for Assessing Sustainability), dont il est \u00e0 l\u2019initiative. Ce projet doit d\u00e9velopper une plateforme num\u00e9rique d\u2019aide \u00e0 la d\u00e9cision pour am\u00e9liorer la conception des parcs \u00e9oliens en mer en mati\u00e8re de durabilit\u00e9.<\/p>\n<p>Un outil int\u00e9gr\u00e9 doit aider \u00e0 \u00e9valuer les impacts des parcs. Il rassemblera des outils d\u2019analyse environnementale, \u00e9conomique et sociale, qui seront combin\u00e9s avec un jumeau num\u00e9rique. L\u2019id\u00e9e est de pouvoir trouver les meilleurs compromis, que ce soit en termes d\u2019acceptabilit\u00e9, d\u2019impacts et de performances. France Energies Marines pr\u00e9cise que le projet cherchera \u00e9galement \u00e0 \u00ab\u00a0standardiser les m\u00e9thodologies permettant de d\u00e9finir de nouveaux crit\u00e8res de s\u00e9lection pour les parcs \u00e9oliens offshores, tels que la cr\u00e9ation d\u2019emplois locaux, l\u2019impact sur les p\u00eacheries locales ou encore leur empreinte carbone\u00a0\u00bb.<\/p>\n<p>S\u2019il participe d\u00e9j\u00e0 \u00e0 six projets europ\u00e9ens en 2025, c\u2019est la toute premi\u00e8re fois que l\u2019Institut fran\u00e7ais d\u00e9di\u00e9 aux \u00e9nergies marines renouvelables va coordonner un projet europ\u00e9en. S\u00e9lectionn\u00e9 dans le cadre d\u2019un programme Horizon Europe, COMPASS est dot\u00e9 de 5 millions d\u2019euros et rassemble quatorze partenaires, issus de huit pays europ\u00e9ens. En plus de la coordination, France Energies Marines sera notamment en charge du d\u00e9veloppement technique de la plateforme.\u00a0<\/p>\n<p><strong>\u00a9 Un article de la r\u00e9daction de Mer et Marine.\u00a0Reproduction interdite sans consentement du ou des auteurs.<\/strong><\/p>\n<p>\u00a0<\/p>\n","protected":false},"excerpt":{"rendered":"D\u00e9j\u00e0 impliqu\u00e9 dans plusieurs projets europ\u00e9ens, l\u2019Institut fran\u00e7ais d\u00e9di\u00e9 aux \u00e9nergies marines renouvelables va assurer pour la premi\u00e8re&hellip;\n","protected":false},"author":2,"featured_media":563495,"comment_status":"","ping_status":"","sticky":false,"template":"","format":"standard","meta":{"footnotes":""},"categories":[4],"tags":[11,6130,6141,6131,6138,2380,6135,554,6136,1011,27,6139,6134,3135,6128,567,6129,6127,12,6132,4838,6133,25,6140,6137],"class_list":{"0":"post-563494","1":"post","2":"type-post","3":"status-publish","4":"format-standard","5":"has-post-thumbnail","7":"category-france","8":"tag-actualites","9":"tag-chantiers","10":"tag-commando","11":"tag-construction-navale","12":"tag-costa","13":"tag-croisiere","14":"tag-dcns","15":"tag-defense","16":"tag-euronaval","17":"tag-fr","18":"tag-france","19":"tag-fremm","20":"tag-interviews","21":"tag-littoral","22":"tag-marine","23":"tag-marine-nationale","24":"tag-maritime","25":"tag-mer","26":"tag-news","27":"tag-offshore","28":"tag-peche","29":"tag-reportages","30":"tag-republique-francaise","31":"tag-sncm","32":"tag-stx"},"share_on_mastodon":{"url":"https:\/\/pubeurope.com\/@fr\/115624839027824813","error":""},"_links":{"self":[{"href":"https:\/\/www.europesays.com\/fr\/wp-json\/wp\/v2\/posts\/563494","targetHints":{"allow":["GET"]}}],"collection":[{"href":"https:\/\/www.europesays.com\/fr\/wp-json\/wp\/v2\/posts"}],"about":[{"href":"https:\/\/www.europesays.com\/fr\/wp-json\/wp\/v2\/types\/post"}],"author":[{"embeddable":true,"href":"https:\/\/www.europesays.com\/fr\/wp-json\/wp\/v2\/users\/2"}],"replies":[{"embeddable":true,"href":"https:\/\/www.europesays.com\/fr\/wp-json\/wp\/v2\/comments?post=563494"}],"version-history":[{"count":0,"href":"https:\/\/www.europesays.com\/fr\/wp-json\/wp\/v2\/posts\/563494\/revisions"}],"wp:featuredmedia":[{"embeddable":true,"href":"https:\/\/www.europesays.com\/fr\/wp-json\/wp\/v2\/media\/563495"}],"wp:attachment":[{"href":"https:\/\/www.europesays.com\/fr\/wp-json\/wp\/v2\/media?parent=563494"}],"wp:term":[{"taxonomy":"category","embeddable":true,"href":"https:\/\/www.europesays.com\/fr\/wp-json\/wp\/v2\/categories?post=563494"},{"taxonomy":"post_tag","embeddable":true,"href":"https:\/\/www.europesays.com\/fr\/wp-json\/wp\/v2\/tags?post=563494"}],"curies":[{"name":"wp","href":"https:\/\/api.w.org\/{rel}","templated":true}]}}