{"id":563502,"date":"2025-11-28T02:03:21","date_gmt":"2025-11-28T02:03:21","guid":{"rendered":"https:\/\/www.europesays.com\/fr\/563502\/"},"modified":"2025-11-28T02:03:21","modified_gmt":"2025-11-28T02:03:21","slug":"cyclisme-apres-24-jours-tres-difficiles-le-manager-emblematique-de-julian-alaphilippe-autorise-a-quitter-lhopital","status":"publish","type":"post","link":"https:\/\/www.europesays.com\/fr\/563502\/","title":{"rendered":"Cyclisme\u00a0: \u00ab\u00a0Apr\u00e8s 24 jours tr\u00e8s difficiles\u2026\u00a0\u00bb Le manager embl\u00e9matique de Julian Alaphilippe autoris\u00e9 \u00e0 quitter l\u2019h\u00f4pital"},"content":{"rendered":"<p>\n                                                                    l&rsquo;essentiel<br \/>\n                                                                Patrick Lefevere, figure embl\u00e9matique du cyclisme, a annonc\u00e9 sa sortie de l\u2019h\u00f4pital ce jeudi apr\u00e8s 24 jours de soins intensifs. \u00c0 70 ans, l\u2019ancien manager de la Soudal Quick-Step\u00a0poursuit d\u00e9sormais sa convalescence.\n                            <\/p>\n<p>Bonne nouvelle pour Patrick Lefevere, l\u2019ancien manager g\u00e9n\u00e9ral de l\u2019\u00e9quipe cycliste Soudal Quick-Step (2003-2024). Hospitalis\u00e9 durant plus de trois semaines, l\u2019homme de 70 ans, ancien manager embl\u00e9matique du Fran\u00e7ais Julian Alaphilippe, a pris la parole ce jeudi sur ses r\u00e9seaux sociaux afin de donner de ses nouvelles.<\/p>\n<blockquote data-class=\"twitter-tweet\">\n<p lang=\"en\" dir=\"ltr\">After 24 very difficult days and being seriously ill, I\u2019ve received the best possible care.<br \/>I am now allowed to leave the hospital. A long recovery still lies ahead, but I\u2019m on the right path. Thank you to all specialists and nurses for the excellent treatment. Patrick <a href=\"https:\/\/t.co\/eRXpt6z5ny\">pic.twitter.com\/eRXpt6z5ny<\/a><\/p>\n<p>\u2014 Patrick Lefevere (@PatLefevere) <a href=\"https:\/\/twitter.com\/PatLefevere\/status\/1993993298978197874?ref_src=twsrc%5Etfw\" target=\"_blank\" rel=\"noopener\">November 27, 2025<\/a><\/p><\/blockquote>\n<p>\u00ab\u00a0Apr\u00e8s 24 jours tr\u00e8s difficiles et avoir \u00e9t\u00e9 gravement malade, j\u2019ai re\u00e7u les meilleurs soins possibles. Je suis maintenant autoris\u00e9 \u00e0 quitter l\u2019h\u00f4pital. Une longue r\u00e9cup\u00e9ration m\u2019attend encore, mais je suis sur la bonne voie\u00a0\u00bb a lanc\u00e9\u00a0celui qui compte pr\u00e8s de 1\u00a0000 victoires, dont 22 Monuments, un Grand Tour et 124 \u00e9tapes d\u2019un Grand Tour avec la Soudal Quick-Step, comme le souligne <a href=\"https:\/\/www.dhnet.be\/dernieres-depeches\/2025\/11\/27\/patrick-lefevere-est-reste-trois-semaines-a-lhopital-une-longue-convalescence-mattend-PUXFVTLDH5GUJDPXNGQDZSHAGM\/\" target=\"_self\" rel=\"noopener\">DH Net<\/a>.<\/p>\n<p class=\"std-elt__inline\">\n        <strong>\u00c0 lire aussi :<\/strong><br \/>\n        <a href=\"https:\/\/www.ladepeche.fr\/2025\/03\/07\/cyclisme-un-ancien-grand-nom-de-la-discipline-ex-manager-de-julian-alaphilippe-hospitalise-en-soins-intensifs-apres-un-malaise-soudain-12555158.php\" target=\"_blank\" rel=\"noopener\">Cyclisme\u00a0: Patrick Lef\u00e9v\u00e8re, manager embl\u00e9matique de Julian Alaphilippe, victime d\u2019un grave malaise et plac\u00e9 en soins intensifs<\/a>\n    <\/p>\n<p>D\u00e9j\u00e0 en d\u00e9but d\u2019ann\u00e9e, soit quelques mois semaines seulement apr\u00e8s s\u2019\u00eatre retir\u00e9 de la formation Soudal Quick-Step, Patrick Lefevere avait \u00e9t\u00e9 hospitalis\u00e9 apr\u00e8s un malaise survenu alors qu\u2019il d\u00eenait dans un restaurant, mais tr\u00e8s vite, la presse belge avait fait \u00e9cho de nouvelles rassurantes.<\/p>\n<p>                                                                                                                                                                                                        <script async src=\"https:\/\/platform.twitter.com\/widgets.js\" charset=\"utf-8\"><\/script><\/p>\n","protected":false},"excerpt":{"rendered":"l&rsquo;essentiel Patrick Lefevere, figure embl\u00e9matique du cyclisme, a annonc\u00e9 sa sortie de l\u2019h\u00f4pital ce jeudi apr\u00e8s 24 jours&hellip;\n","protected":false},"author":2,"featured_media":563503,"comment_status":"","ping_status":"","sticky":false,"template":"","format":"standard","meta":{"footnotes":""},"categories":[1411],"tags":[1154,207,1011,27,60],"class_list":{"0":"post-563502","1":"post","2":"type-post","3":"status-publish","4":"format-standard","5":"has-post-thumbnail","7":"category-cyclisme","8":"tag-cycling","9":"tag-cyclisme","10":"tag-fr","11":"tag-france","12":"tag-sports"},"share_on_mastodon":{"url":"https:\/\/pubeurope.com\/@fr\/115624870189669520","error":""},"_links":{"self":[{"href":"https:\/\/www.europesays.com\/fr\/wp-json\/wp\/v2\/posts\/563502","targetHints":{"allow":["GET"]}}],"collection":[{"href":"https:\/\/www.europesays.com\/fr\/wp-json\/wp\/v2\/posts"}],"about":[{"href":"https:\/\/www.europesays.com\/fr\/wp-json\/wp\/v2\/types\/post"}],"author":[{"embeddable":true,"href":"https:\/\/www.europesays.com\/fr\/wp-json\/wp\/v2\/users\/2"}],"replies":[{"embeddable":true,"href":"https:\/\/www.europesays.com\/fr\/wp-json\/wp\/v2\/comments?post=563502"}],"version-history":[{"count":0,"href":"https:\/\/www.europesays.com\/fr\/wp-json\/wp\/v2\/posts\/563502\/revisions"}],"wp:featuredmedia":[{"embeddable":true,"href":"https:\/\/www.europesays.com\/fr\/wp-json\/wp\/v2\/media\/563503"}],"wp:attachment":[{"href":"https:\/\/www.europesays.com\/fr\/wp-json\/wp\/v2\/media?parent=563502"}],"wp:term":[{"taxonomy":"category","embeddable":true,"href":"https:\/\/www.europesays.com\/fr\/wp-json\/wp\/v2\/categories?post=563502"},{"taxonomy":"post_tag","embeddable":true,"href":"https:\/\/www.europesays.com\/fr\/wp-json\/wp\/v2\/tags?post=563502"}],"curies":[{"name":"wp","href":"https:\/\/api.w.org\/{rel}","templated":true}]}}