{"id":563515,"date":"2025-11-28T02:11:14","date_gmt":"2025-11-28T02:11:14","guid":{"rendered":"https:\/\/www.europesays.com\/fr\/563515\/"},"modified":"2025-11-28T02:11:14","modified_gmt":"2025-11-28T02:11:14","slug":"ce-nombre-de-tasses-de-cafe-par-jour-ralentirait-votre-vieillissement-biologique-et-protegerait-le-coeur-mais-au-dela-les-risques-augmentent","status":"publish","type":"post","link":"https:\/\/www.europesays.com\/fr\/563515\/","title":{"rendered":"Ce nombre de tasses de caf\u00e9 par jour ralentirait votre vieillissement biologique et prot\u00e9gerait le c\u0153ur, mais au-del\u00e0 les risques augmentent"},"content":{"rendered":"<p itemprop=\"description\">Entre plaisir et sant\u00e9, le nombre de<br \/>\ntasses de caf\u00e9 par jour fait d\u00e9bat chez les m\u00e9decins. Nouvelles<br \/>\n\u00e9tudes, t\u00e9lom\u00e8res et coeur rebattent les cartes pour les<br \/>\nbuveurs.<\/p>\n<p>Pour beaucoup, la journ\u00e9e commence par une ou plusieurs <a href=\"https:\/\/www.bibamagazine.fr\/lifestyle\/vie-quotidienne\/test-tasse-cafe-pourquoi-patron-jure-methode-recruter-472007.html\" target=\"_blank\" rel=\"noopener\"><br \/>\ntasses de caf\u00e9<\/a>, parfois sans vraiment y penser. Au fil des<br \/>\nann\u00e9es, cette habitude quotidienne a pourtant suscit\u00e9 une m\u00eame<br \/>\ninterrogation chez les m\u00e9decins comme chez les buveurs de caf\u00e9 :<br \/>\n<strong>combien de tasses de caf\u00e9 par jour<\/strong> peut-on boire<br \/>\nsans se faire de mal, et m\u00eame, peut-\u00eatre, en prot\u00e9geant sa<br \/>\nsant\u00e9.<\/p>\n<p>Longtemps vu comme un simple \u00ab\u00a0coup de fouet\u00a0\u00bb, le caf\u00e9 est<br \/>\nd\u00e9sormais diss\u00e9qu\u00e9 dans de grandes \u00e9tudes de cohorte et dans des<br \/>\ntravaux plus cibl\u00e9s. Certaines recherches sugg\u00e8rent un effet<br \/>\nprotecteur sur le c\u0153ur, tandis qu\u2019une \u00e9tude r\u00e9cente publi\u00e9e dans le<br \/>\nBritish medical journal chez des patients souffrant de<br \/>\ntroubles mentaux graves a li\u00e9 une consommation mod\u00e9r\u00e9e de caf\u00e9 \u00e0 un<br \/>\n<strong>vieillissement biologique<\/strong> plus lent, via la<br \/>\nlongueur des <strong>t\u00e9lom\u00e8res<\/strong>. Reste une question tr\u00e8s<br \/>\nconcr\u00e8te qui intrigue : \u00e0 partir de combien de tasses ces b\u00e9n\u00e9fices<br \/>\ns\u2019installent, puis s\u2019estompent.<\/p>\n<p>Combien de tasses de caf\u00e9 par jour pour rester dans la zone<br \/>\ns\u00fbre ?<\/p>\n<p>Les autorit\u00e9s de sant\u00e9 convergent vers un m\u00eame ordre de<br \/>\ngrandeur. Selon l\u2019Autorit\u00e9 europ\u00e9enne de s\u00e9curit\u00e9 des aliments<br \/>\n(EFSA), relay\u00e9e par plusieurs m\u00e9dias sp\u00e9cialis\u00e9s, une dose<br \/>\nquotidienne allant jusqu\u2019\u00e0 <strong>400 milligrammes de<br \/>\ncaf\u00e9ine<\/strong> reste acceptable pour un adulte en bonne sant\u00e9.<br \/>\nCela correspond globalement \u00e0 environ <strong>3 \u00e0 4 tasses de caf\u00e9<br \/>\npar jour<\/strong>, en supposant des tasses de taille classique et<br \/>\nun caf\u00e9 ni trop l\u00e9ger ni trop serr\u00e9.<\/p>\n<p>Cette recommandation tient compte du fait que la teneur en<br \/>\ncaf\u00e9ine varie selon le type de pr\u00e9paration et le volume de la<br \/>\ntasse. Un <a href=\"https:\/\/www.bibamagazine.fr\/lifestyle\/bonsplans\/lidl-machine-a-expresso-petit-prix-265910.html\" target=\"_blank\" rel=\"noopener\"><br \/>\nexpresso<\/a> court n\u2019apporte pas la m\u00eame quantit\u00e9 de caf\u00e9ine qu\u2019un<br \/>\ngrand caf\u00e9 filtre, mais, en pratique, les \u00e9tudes \u00e9pid\u00e9miologiques<br \/>\nraisonnent le plus souvent en \u00ab\u00a0tasses\u00a0\u00bb d\u00e9clar\u00e9es par les<br \/>\nparticipants. Dans une vaste analyse de la base de donn\u00e9es<br \/>\nbritannique UK Biobank, pr\u00e9sent\u00e9e lors d\u2019un congr\u00e8s de la Soci\u00e9t\u00e9<br \/>\neurop\u00e9enne de cardiologie et relay\u00e9e par Medisite, les personnes<br \/>\nqui buvaient entre une demi et trois tasses de caf\u00e9 par jour<br \/>\npr\u00e9sentaient une mortalit\u00e9 toutes causes r\u00e9duite de 12 %, une<br \/>\nmortalit\u00e9 cardiovasculaire r\u00e9duite de 17 % et un risque d\u2019accident<br \/>\nvasculaire c\u00e9r\u00e9bral diminu\u00e9 de 21 % par rapport aux non buveurs.<br \/>\nAutrement dit, la zone des petites \u00e0 moyennes quantit\u00e9s de caf\u00e9<br \/>\nsemble associ\u00e9e \u00e0 un profil cardiovasculaire plus favorable que<br \/>\nl\u2019abstinence totale ou la forte consommation.<\/p>\n<p>Caf\u00e9 et vieillissement biologique : ce que montre le nombre de<br \/>\ntasses par jour<\/p>\n<p>Au-del\u00e0 du c\u0153ur, les chercheurs s\u2019int\u00e9ressent d\u00e9sormais au lien<br \/>\nentre caf\u00e9 et <strong>vieillissement biologique<\/strong>. Pour<br \/>\ncela, ils regardent notamment les <strong>t\u00e9lom\u00e8res<\/strong>, ces<br \/>\nsegments situ\u00e9s \u00e0 l\u2019extr\u00e9mit\u00e9 de nos chromosomes. Avec l\u2019\u00e2ge et<br \/>\nsous l\u2019effet du stress oxydatif ou de l\u2019inflammation, ces t\u00e9lom\u00e8res<br \/>\nont tendance \u00e0 raccourcir, ce qui est associ\u00e9 \u00e0 un risque accru de<br \/>\nmaladies chroniques et \u00e0 une esp\u00e9rance de vie plus courte.<\/p>\n<p>C\u2019est dans ce contexte qu\u2019une \u00e9quipe britannique a \u00e9tudi\u00e9 la<br \/>\nconsommation de caf\u00e9 chez pr\u00e8s de 800 patients de 18 \u00e0 65 ans<br \/>\natteints de troubles mentaux graves, puis mesur\u00e9 la longueur de<br \/>\nleurs t\u00e9lom\u00e8res sur des analyses sanguines. Les auteurs ont observ\u00e9<br \/>\nque la consommation de caf\u00e9 jusqu\u2019\u00e0 3 ou 4 tasses par jour, sans<br \/>\nd\u00e9passer cette quantit\u00e9, \u00e9tait associ\u00e9e \u00e0 des t\u00e9lom\u00e8res plus longs.<br \/>\nSelon ces chercheurs, relay\u00e9s par Top Sant\u00e9, \u00ab\u00a0les patients<br \/>\nconsommant jusqu\u00a0\u00bb\u00e0 4 tasses de caf\u00e9 par jour pr\u00e9sentaient des<br \/>\nt\u00e9lom\u00e8res d&rsquo;une longueur comparable \u00e0 un \u00e2ge biologique inf\u00e9rieur<br \/>\nde 5 ans \u00e0 celui des non-buveurs de caf\u00e9\u00a0\u00bb. En revanche, cet<br \/>\neffet \u00e9tait \u00e0 nouveau invers\u00e9 chez les personnes buvant plus de 4<br \/>\ntasses de caf\u00e9 par jour, ce qui laisse penser qu\u2019au-del\u00e0 de ce<br \/>\nseuil, le caf\u00e9 pourrait perdre une partie de son int\u00e9r\u00eat pour le<br \/>\nvieillissement cellulaire, au moins dans cette population tr\u00e8s<br \/>\nparticuli\u00e8re.<\/p>\n<p>Adapter le nombre de tasses de caf\u00e9 par<br \/>\njour \u00e0 son profil<\/p>\n<p>M\u00eame si de nombreuses donn\u00e9es pointent vers une fen\u00eatre situ\u00e9e<br \/>\nentre 2 et 4 tasses de caf\u00e9 par jour pour l\u2019adulte en bonne sant\u00e9,<br \/>\ncette moyenne ne convient pas \u00e0 tout le monde. Les personnes<br \/>\nsouffrant d\u2019hypertension art\u00e9rielle s\u00e9v\u00e8re, par exemple, semblent<br \/>\nplus sensibles aux effets cardiovasculaires de la caf\u00e9ine, et<br \/>\ncertaines \u00e9tudes mentionn\u00e9es par Medisite sugg\u00e8rent un risque de<br \/>\nd\u00e9c\u00e8s cardiovasculaire plus \u00e9lev\u00e9 chez les gros buveurs dans ce<br \/>\ngroupe. Les femmes enceintes ou allaitantes se voient souvent<br \/>\nconseiller de limiter leur apport total en caf\u00e9ine \u00e0 l\u2019\u00e9quivalent<br \/>\nd\u2019environ une tasse de caf\u00e9 par jour. Quant aux patients suivis<br \/>\npour des troubles mentaux graves, les auteurs de l\u2019\u00e9tude publi\u00e9e<br \/>\ndans le British medical journal rappellent que leur consommation de<br \/>\ncaf\u00e9 doit \u00eatre discut\u00e9e avec l\u2019\u00e9quipe soignante, en tenant compte<br \/>\ndes traitements et de l\u2019\u00e9tat g\u00e9n\u00e9ral.<\/p>\n<p>Au-del\u00e0 de ces situations particuli\u00e8res, le corps envoie aussi<br \/>\ndes signaux quand la consommation d\u00e9passe son seuil de tol\u00e9rance<br \/>\nindividuel. Les sp\u00e9cialistes de la nutrition cit\u00e9s par diff\u00e9rents<br \/>\nm\u00e9dias sant\u00e9 \u00e9voquent comme signes possibles d\u2019exc\u00e8s de caf\u00e9ine des<br \/>\npalpitations, une agitation ou une nervosit\u00e9 inhabituelles, des<br \/>\ndifficult\u00e9s d\u2019endormissement ou une insomnie persistante, des maux<br \/>\nde t\u00eate, des br\u00fblures d\u2019estomac ou un reflux, ou encore une<br \/>\nsensation de d\u00e9shydratation. Lorsque ces sympt\u00f4mes apparaissent,<br \/>\nr\u00e9duire progressivement le nombre de tasses et en parler \u00e0 un<br \/>\nprofessionnel de sant\u00e9 peut aider \u00e0 trouver un \u00e9quilibre plus<br \/>\nconfortable. Pour une grande partie des adultes en bonne sant\u00e9, les<br \/>\n\u00e9tudes disponibles convergent vers une fourchette d\u2019environ 2 \u00e0 4<br \/>\ntasses de caf\u00e9 par jour, sans d\u00e9passer pr\u00e8s de 400 milligrammes de<br \/>\ncaf\u00e9ine, comme zone o\u00f9 les b\u00e9n\u00e9fices cardiovasculaires et, dans<br \/>\ncertains contextes, sur le vieillissement biologique, semblent les<br \/>\nplus probables.<\/p>\n","protected":false},"excerpt":{"rendered":"Entre plaisir et sant\u00e9, le nombre de tasses de caf\u00e9 par jour fait d\u00e9bat chez les m\u00e9decins. Nouvelles&hellip;\n","protected":false},"author":2,"featured_media":563516,"comment_status":"","ping_status":"","sticky":false,"template":"","format":"standard","meta":{"footnotes":""},"categories":[10],"tags":[930,3031,16104,67966,4586,17488,6521,1805,35872,12219,1011,27,72,4432,151,4564,19256,5912,67967,67965,1148,71,67964,282,15161],"class_list":{"0":"post-563515","1":"post","2":"type-post","3":"status-publish","4":"format-standard","5":"has-post-thumbnail","7":"category-sante","8":"tag-le","9":"tag-au","10":"tag-augmentent","11":"tag-biologique","12":"tag-cafe","13":"tag-ce","14":"tag-coeur","15":"tag-de","16":"tag-dela","17":"tag-et","18":"tag-fr","19":"tag-france","20":"tag-health","21":"tag-jour","22":"tag-les","23":"tag-mais","24":"tag-nombre","25":"tag-par","26":"tag-protegerait","27":"tag-ralentirait","28":"tag-risques","29":"tag-sante","30":"tag-tasses","31":"tag-vieillissement","32":"tag-votre"},"share_on_mastodon":{"url":"https:\/\/pubeurope.com\/@fr\/115624901616051822","error":""},"_links":{"self":[{"href":"https:\/\/www.europesays.com\/fr\/wp-json\/wp\/v2\/posts\/563515","targetHints":{"allow":["GET"]}}],"collection":[{"href":"https:\/\/www.europesays.com\/fr\/wp-json\/wp\/v2\/posts"}],"about":[{"href":"https:\/\/www.europesays.com\/fr\/wp-json\/wp\/v2\/types\/post"}],"author":[{"embeddable":true,"href":"https:\/\/www.europesays.com\/fr\/wp-json\/wp\/v2\/users\/2"}],"replies":[{"embeddable":true,"href":"https:\/\/www.europesays.com\/fr\/wp-json\/wp\/v2\/comments?post=563515"}],"version-history":[{"count":0,"href":"https:\/\/www.europesays.com\/fr\/wp-json\/wp\/v2\/posts\/563515\/revisions"}],"wp:featuredmedia":[{"embeddable":true,"href":"https:\/\/www.europesays.com\/fr\/wp-json\/wp\/v2\/media\/563516"}],"wp:attachment":[{"href":"https:\/\/www.europesays.com\/fr\/wp-json\/wp\/v2\/media?parent=563515"}],"wp:term":[{"taxonomy":"category","embeddable":true,"href":"https:\/\/www.europesays.com\/fr\/wp-json\/wp\/v2\/categories?post=563515"},{"taxonomy":"post_tag","embeddable":true,"href":"https:\/\/www.europesays.com\/fr\/wp-json\/wp\/v2\/tags?post=563515"}],"curies":[{"name":"wp","href":"https:\/\/api.w.org\/{rel}","templated":true}]}}