{"id":563519,"date":"2025-11-28T02:13:16","date_gmt":"2025-11-28T02:13:16","guid":{"rendered":"https:\/\/www.europesays.com\/fr\/563519\/"},"modified":"2025-11-28T02:13:16","modified_gmt":"2025-11-28T02:13:16","slug":"judith-godreche-menacee-jusque-sur-les-murs-de-son-immeuble-elle-denonce-une-entreprise-dintimidation","status":"publish","type":"post","link":"https:\/\/www.europesays.com\/fr\/563519\/","title":{"rendered":"Judith Godr\u00e8che menac\u00e9e jusque sur les murs de son immeuble, elle d\u00e9nonce une \u00ab\u00a0entreprise d\u2019intimidation\u00a0\u00bb"},"content":{"rendered":"<p>        <img decoding=\"async\" loading=\"lazy\" src=\"https:\/\/www.europesays.com\/fr\/wp-content\/uploads\/2025\/11\/6d9997d_1715592584619-000-34kv8ru.jpg\"  width=\"728\" height=\"410\" alt=\"Judith Godr\u00e8che (ici en mars 2024) menac\u00e9e jusque sur les murs de son immeuble, elle d\u00e9nonce une \u00ab\u00a0entreprise d\u2019intimidation\u00a0\u00bb.\"\/>  <\/p>\n<p>GEOFFROY VAN DER HASSELT \/ AFP<\/p>\n<p>Judith Godr\u00e8che (ici en mars 2024) menac\u00e9e jusque sur les murs de son immeuble, elle d\u00e9nonce une \u00ab\u00a0entreprise d\u2019intimidation\u00a0\u00bb.<\/p>\n<p class=\"asset asset-text\">Une plainte a \u00e9t\u00e9 d\u00e9pos\u00e9e. L\u2019actrice Judith Godr\u00e8che a fait part de son indignation apr\u00e8s que des tags insultants visant \u00e0 l\u2019\u00ab\u00a0intimider\u00a0\u00bb ont \u00e9t\u00e9 retrouv\u00e9s \u00ab\u00a0sur le mur et l\u2019entr\u00e9e\u00a0\u00bb de son immeuble. \u00ab\u00a0La violence et la l\u00e2chet\u00e9, toujours\u00a0\u00bb, a cingl\u00e9 dans une publication Instagram celle qui est devenue un <a href=\"https:\/\/www.huffingtonpost.fr\/culture\/article\/judith-godreche-ecrit-un-message-puissant-a-anouk-grinberg-apres-avoir-lu-son-livre_248533.html\" target=\"_blank\" rel=\"noopener\">symbole de la lutte contre les violences sexistes<\/a> et sexuelles.<\/p>\n<p class=\"asset asset-text\">Dans son message mis en ligne mercredi 26\u00a0novembre sur les r\u00e9seaux sociaux, Judith Godr\u00e8che explique qu\u2019elle \u00e9tait \u00ab\u00a0en tournage en Normandie\u00a0\u00bb lorsque les tags ont \u00e9t\u00e9 d\u00e9couverts. L\u2019actrice pr\u00e9cise que ces \u00ab\u00a0menaces et insultes\u00a0\u00bb \u2013 qu\u2019elle d\u00e9crit comme une \u00ab\u00a0entreprise d\u2019intimidation\u00a0\u00bb \u2013 emploient le mot viol \u00ab\u00a0de la mani\u00e8re la plus tordue qui soit\u00a0\u00bb, en \u00ab\u00a0s\u2019en prenant\u00a0\u00bb \u00e0 elle ainsi qu\u2019\u00e0 \u00ab\u00a0[sa] fille\u00a0\u00bb.<\/p>\n<p class=\"asset asset-text\">La photo publi\u00e9e par Judith Godr\u00e8che sur Instagram et <strong>que vous pouvez voir ci-dessous<\/strong> montre l\u2019interphone de l\u2019immeuble autour duquel figurent en lettres capitales les inscriptions \u00ab\u00a0Godr\u00e8che\u00a0\u00bb et \u00ab\u00a0Godr\u00e8che mychto (sic)\u00a0\u00bb. L\u2019insulte \u00ab\u00a0michto\u00a0\u00bb, mal orthographi\u00e9e, d\u00e9signe une personne qui ment et\/ou est int\u00e9ress\u00e9e uniquement par l\u2019argent.<\/p>\n<p> La lecture de ce contenu est susceptible d\u2019entra\u00eener un d\u00e9p\u00f4t de cookies de la part de l\u2019op\u00e9rateur tiers qui l\u2019h\u00e9berge. Compte-tenu des choix que vous avez exprim\u00e9s en mati\u00e8re de d\u00e9p\u00f4t de cookies, nous avons bloqu\u00e9 l\u2019affichage de ce contenu. Si vous souhaitez y acc\u00e9der, vous devez accepter la cat\u00e9gorie de cookies \u201cContenus tiers\u201d en cliquant sur le bouton ci-dessous. <\/p>\n<p> Lire la Vid\u00e9o        Godr\u00e8che d\u00e9nonce l\u2019\u00ab\u00a0ordure\u00a0\u00bb qui a voulu \u00ab\u00a0menacer\u00a0\u00bb ses enfants    <\/p>\n<p class=\"asset asset-text\">Par cette injure, l\u2019auteur du tag cherche sans doute \u00e0 d\u00e9cr\u00e9dibiliser la parole de l\u2019actrice qui a accus\u00e9 de viols les r\u00e9alisateurs Beno\u00eet Jacquot et Jacques Doillon \u2013 des faits que les deux hommes contestent, le second ayant port\u00e9 <a href=\"https:\/\/www.huffingtonpost.fr\/faits-divers\/article\/judith-godreche-desabusee-apres-sa-mise-en-examen-a-hate-d-affronter-jacques-doillon_254666.html\" target=\"_blank\" rel=\"noopener\">plainte pour diffamation<\/a>. Ces prises de parole ont fait de Judith Godr\u00e8che une ic\u00f4ne f\u00e9ministe et avaient conduit \u00e0 la cr\u00e9ation d\u2019une <a href=\"https:\/\/www.huffingtonpost.fr\/life\/article\/metoo-la-mise-en-garde-de-judith-godreche-apres-le-rapport-sur-les-violences-sexuelles-dans-la-culture_248584.html\" target=\"_blank\" rel=\"noopener\">commission d\u2019enqu\u00eate sur les violences<\/a> dans la culture.<\/p>\n<p class=\"asset asset-text\">Dans son message d\u00e9non\u00e7ant les tags injurieux inscrits sur son immeuble, la com\u00e9dienne annonce avoir \u00ab\u00a0port\u00e9 plainte\u00a0\u00bb pour \u00ab\u00a0prot\u00e9ger [sa] famille avant tout\u00a0\u00bb. \u00ab\u00a0Menacer et intimider mes enfants \u2013 quelle ordure se lancerait dans une d\u00e9marche pareille\u00a0\u00bb, s\u2019\u00e9meut Judith Godr\u00e8che. \u00ab\u00a0Quand eux sont toujours plus l\u00e2ches, qu\u2019ils tentent de nous faire peur et de nous silencier \u00e0 nouveau [\u2026], nous, nous sommes l\u00e0 les un\u00b7es pour les autres et nous ne nous tairons plus\u00a0\u00bb, conclut-elle.<\/p>\n","protected":false},"excerpt":{"rendered":"GEOFFROY VAN DER HASSELT \/ AFP Judith Godr\u00e8che (ici en mars 2024) menac\u00e9e jusque sur les murs de&hellip;\n","protected":false},"author":2,"featured_media":563520,"comment_status":"","ping_status":"","sticky":false,"template":"","format":"standard","meta":{"footnotes":""},"categories":[8],"tags":[251,58,59,118,1011,27,4358],"class_list":{"0":"post-563519","1":"post","2":"type-post","3":"status-publish","4":"format-standard","5":"has-post-thumbnail","7":"category-divertissement","8":"tag-culture","9":"tag-divertissement","10":"tag-entertainment","11":"tag-faits-divers","12":"tag-fr","13":"tag-france","14":"tag-judith-godreche"},"share_on_mastodon":{"url":"https:\/\/pubeurope.com\/@fr\/115624910507271599","error":""},"_links":{"self":[{"href":"https:\/\/www.europesays.com\/fr\/wp-json\/wp\/v2\/posts\/563519","targetHints":{"allow":["GET"]}}],"collection":[{"href":"https:\/\/www.europesays.com\/fr\/wp-json\/wp\/v2\/posts"}],"about":[{"href":"https:\/\/www.europesays.com\/fr\/wp-json\/wp\/v2\/types\/post"}],"author":[{"embeddable":true,"href":"https:\/\/www.europesays.com\/fr\/wp-json\/wp\/v2\/users\/2"}],"replies":[{"embeddable":true,"href":"https:\/\/www.europesays.com\/fr\/wp-json\/wp\/v2\/comments?post=563519"}],"version-history":[{"count":0,"href":"https:\/\/www.europesays.com\/fr\/wp-json\/wp\/v2\/posts\/563519\/revisions"}],"wp:featuredmedia":[{"embeddable":true,"href":"https:\/\/www.europesays.com\/fr\/wp-json\/wp\/v2\/media\/563520"}],"wp:attachment":[{"href":"https:\/\/www.europesays.com\/fr\/wp-json\/wp\/v2\/media?parent=563519"}],"wp:term":[{"taxonomy":"category","embeddable":true,"href":"https:\/\/www.europesays.com\/fr\/wp-json\/wp\/v2\/categories?post=563519"},{"taxonomy":"post_tag","embeddable":true,"href":"https:\/\/www.europesays.com\/fr\/wp-json\/wp\/v2\/tags?post=563519"}],"curies":[{"name":"wp","href":"https:\/\/api.w.org\/{rel}","templated":true}]}}