{"id":563521,"date":"2025-11-28T02:14:14","date_gmt":"2025-11-28T02:14:14","guid":{"rendered":"https:\/\/www.europesays.com\/fr\/563521\/"},"modified":"2025-11-28T02:14:14","modified_gmt":"2025-11-28T02:14:14","slug":"jt-de-20h-du-jeudi-27-novembre-2025","status":"publish","type":"post","link":"https:\/\/www.europesays.com\/fr\/563521\/","title":{"rendered":"JT de 20h du jeudi 27 novembre 2025"},"content":{"rendered":"<p>\n  Le JT de 20 Heures du jeudi 27 novembre 2025 est pr\u00e9sent\u00e9 par L\u00e9a Salam\u00e9 sur France 2. Retrouvez dans le journal t\u00e9l\u00e9vis\u00e9 du soir : la s\u00e9lection des faits marquants, les interviews et t\u00e9moignages, les invit\u00e9s politiques et de la vie publique et l&rsquo;essentiel de tout ce qu&rsquo;il faut savoir de la journ\u00e9e. A noter : chaque sujet vid\u00e9o du journal est consultable ind\u00e9pendamment avec des informations \u00e0 lire pour rappeler le contexte de l&rsquo;actualit\u00e9. Poursuivez l&rsquo;exp\u00e9rience avec les titres de la r\u00e9daction de Franceinfo.<\/p>\n","protected":false},"excerpt":{"rendered":"Le JT de 20 Heures du jeudi 27 novembre 2025 est pr\u00e9sent\u00e9 par L\u00e9a Salam\u00e9 sur France 2.&hellip;\n","protected":false},"author":2,"featured_media":563522,"comment_status":"","ping_status":"","sticky":false,"template":"","format":"standard","meta":{"footnotes":""},"categories":[7],"tags":[1011,27,43,40,41,39,42,44],"class_list":{"0":"post-563521","1":"post","2":"type-post","3":"status-publish","4":"format-standard","5":"has-post-thumbnail","7":"category-sciences-et-technologies","8":"tag-fr","9":"tag-france","10":"tag-science","11":"tag-science-and-technology","12":"tag-sciences","13":"tag-sciences-et-technologies","14":"tag-technologies","15":"tag-technology"},"share_on_mastodon":{"url":"https:\/\/pubeurope.com\/@fr\/115624913547192196","error":""},"_links":{"self":[{"href":"https:\/\/www.europesays.com\/fr\/wp-json\/wp\/v2\/posts\/563521","targetHints":{"allow":["GET"]}}],"collection":[{"href":"https:\/\/www.europesays.com\/fr\/wp-json\/wp\/v2\/posts"}],"about":[{"href":"https:\/\/www.europesays.com\/fr\/wp-json\/wp\/v2\/types\/post"}],"author":[{"embeddable":true,"href":"https:\/\/www.europesays.com\/fr\/wp-json\/wp\/v2\/users\/2"}],"replies":[{"embeddable":true,"href":"https:\/\/www.europesays.com\/fr\/wp-json\/wp\/v2\/comments?post=563521"}],"version-history":[{"count":0,"href":"https:\/\/www.europesays.com\/fr\/wp-json\/wp\/v2\/posts\/563521\/revisions"}],"wp:featuredmedia":[{"embeddable":true,"href":"https:\/\/www.europesays.com\/fr\/wp-json\/wp\/v2\/media\/563522"}],"wp:attachment":[{"href":"https:\/\/www.europesays.com\/fr\/wp-json\/wp\/v2\/media?parent=563521"}],"wp:term":[{"taxonomy":"category","embeddable":true,"href":"https:\/\/www.europesays.com\/fr\/wp-json\/wp\/v2\/categories?post=563521"},{"taxonomy":"post_tag","embeddable":true,"href":"https:\/\/www.europesays.com\/fr\/wp-json\/wp\/v2\/tags?post=563521"}],"curies":[{"name":"wp","href":"https:\/\/api.w.org\/{rel}","templated":true}]}}