{"id":563523,"date":"2025-11-28T02:15:15","date_gmt":"2025-11-28T02:15:15","guid":{"rendered":"https:\/\/www.europesays.com\/fr\/563523\/"},"modified":"2025-11-28T02:15:15","modified_gmt":"2025-11-28T02:15:15","slug":"aucune-offre-de-reprise-pour-brandt-les-elus-du-centre-val-de-loire-pressent-letat-dagir","status":"publish","type":"post","link":"https:\/\/www.europesays.com\/fr\/563523\/","title":{"rendered":"Aucune offre de reprise pour Brandt, les \u00e9lus du Centre-Val de Loire pressent l\u2019Etat d\u2019agir"},"content":{"rendered":"<p>Aucun repreneur n\u2019a pour l\u2019heure d\u00e9pos\u00e9 d\u2019offre suffisamment aboutie pour sauver Brandt, l\u2019un des derniers grands fabricants fran\u00e7ais d\u2019\u00e9lectrom\u00e9nager, <a href=\"https:\/\/www.20minutes.fr\/economie\/4176805-20251002-electromenager-apres-ventes-berne-societe-brandt-placee-redressement-judiciaire\" target=\"_blank\" class=\"c-link c-link--is-underlined\" rel=\"noopener\">plac\u00e9 en redressement judiciaire d\u00e9but octobre<\/a>. L\u2019information a \u00e9t\u00e9 confirm\u00e9e jeudi par Fran\u00e7ois Bonneau, pr\u00e9sident de la r\u00e9gion <a href=\"https:\/\/www.20minutes.fr\/dossier\/centre-val-loire\" target=\"_blank\" class=\"c-link c-link--is-underlined\" rel=\"noopener\">Centre-Val de Loire<\/a>, alors que le groupe centenaire emploie encore quelque 750 salari\u00e9s en France.<\/p>\n<p>Face \u00e0 l\u2019impasse, \u00e9lus locaux, parlementaires et repr\u00e9sentants des collectivit\u00e9s ont appel\u00e9 \u00ab\u00a0le <a href=\"https:\/\/www.20minutes.fr\/dossier\/premier_ministre\" target=\"_blank\" class=\"c-link c-link--is-underlined\" rel=\"noopener\">Premier ministre<\/a> \u00e0 se saisir du dossier\u00a0\u00bb. Dans un communiqu\u00e9, ils demandent \u00e9galement que la date limite de d\u00e9p\u00f4t des offres, fix\u00e9e initialement \u00e0 vendredi minuit, soit repouss\u00e9e afin de donner du temps aux potentiels repreneurs. \u00ab\u00a0Nous demandons au Premier ministre un engagement absolu de l\u2019Etat aux c\u00f4t\u00e9s des collectivit\u00e9s\u00a0\u00bb, d\u00e9clarent-ils, r\u00e9clamant un soutien renforc\u00e9 aux candidats s\u00e9rieux et la \u00ab\u00a0s\u00e9curisation des parcours des salari\u00e9s\u00a0\u00bb.<\/p>\n<\/p>\n<p>Attirer les investisseurs ou repreneurs<\/p>\n<p>L\u2019objectif reste de permettre \u00e0 des projets \u00ab\u00a0ambitieux\u00a0\u00bb de se structurer, alors qu\u2019une audience devant le tribunal des activit\u00e9s \u00e9conomiques de Nanterre est pr\u00e9vue le 3\u00a0d\u00e9cembre. L\u2019ouverture de la proc\u00e9dure de redressement devait faciliter la poursuite de l\u2019activit\u00e9 et le gel des dettes, afin d\u2019attirer investisseurs ou repreneurs, une strat\u00e9gie qui n\u2019a pas encore port\u00e9 ses fruits. Sollicit\u00e9e par l\u2019AFP, la direction de Brandt n\u2019a pas souhait\u00e9 r\u00e9agir.<\/p>\n<p><a href=\"https:\/\/www.20minutes.fr\/economie\/\" target=\"_blank\" class=\"c-link c-btn c-btn--primary\" rel=\"noopener\">Notre dossier Economie<\/a><\/p>\n<p>Les inqui\u00e9tudes portent particuli\u00e8rement sur les deux <a href=\"https:\/\/www.20minutes.fr\/dossier\/usine\" target=\"_blank\" class=\"c-link c-link--is-underlined\" rel=\"noopener\">usines<\/a> du groupe situ\u00e9es en Centre-Val de Loire, \u00e0 Saint-Jean-de-la-Ruelle et \u00e0 Vend\u00f4me. Les \u00e9lus r\u00e9affirment \u00ab\u00a0leur engagement absolu pour d\u00e9fendre l\u2019avenir industriel des sites\u00a0\u00bb, essentiels pour l\u2019emploi local. Le groupe, propri\u00e9taire des marques Vedette, Sauter et De Dietrich, exploite aussi un centre de service apr\u00e8s-vente \u00e0 Saint-Ouen-l\u2019Aum\u00f4ne et un si\u00e8ge social \u00e0 Rueil-Malmaison.<\/p>\n","protected":false},"excerpt":{"rendered":"Aucun repreneur n\u2019a pour l\u2019heure d\u00e9pos\u00e9 d\u2019offre suffisamment aboutie pour sauver Brandt, l\u2019un des derniers grands fabricants fran\u00e7ais&hellip;\n","protected":false},"author":2,"featured_media":563524,"comment_status":"","ping_status":"","sticky":false,"template":"","format":"standard","meta":{"footnotes":""},"categories":[6],"tags":[47,35,7343,33,34,38415,1011,27,418,20610,3730,7264],"class_list":{"0":"post-563523","1":"post","2":"type-post","3":"status-publish","4":"format-standard","5":"has-post-thumbnail","7":"category-economie","8":"tag-actualite","9":"tag-business","10":"tag-centre-val-de-loire","11":"tag-economie","12":"tag-economy","13":"tag-electromenager","14":"tag-fr","15":"tag-france","16":"tag-gouvernement","17":"tag-plan-de-relance","18":"tag-redressement-judiciaire","19":"tag-salaries"},"share_on_mastodon":{"url":"https:\/\/pubeurope.com\/@fr\/115624917503667445","error":""},"_links":{"self":[{"href":"https:\/\/www.europesays.com\/fr\/wp-json\/wp\/v2\/posts\/563523","targetHints":{"allow":["GET"]}}],"collection":[{"href":"https:\/\/www.europesays.com\/fr\/wp-json\/wp\/v2\/posts"}],"about":[{"href":"https:\/\/www.europesays.com\/fr\/wp-json\/wp\/v2\/types\/post"}],"author":[{"embeddable":true,"href":"https:\/\/www.europesays.com\/fr\/wp-json\/wp\/v2\/users\/2"}],"replies":[{"embeddable":true,"href":"https:\/\/www.europesays.com\/fr\/wp-json\/wp\/v2\/comments?post=563523"}],"version-history":[{"count":0,"href":"https:\/\/www.europesays.com\/fr\/wp-json\/wp\/v2\/posts\/563523\/revisions"}],"wp:featuredmedia":[{"embeddable":true,"href":"https:\/\/www.europesays.com\/fr\/wp-json\/wp\/v2\/media\/563524"}],"wp:attachment":[{"href":"https:\/\/www.europesays.com\/fr\/wp-json\/wp\/v2\/media?parent=563523"}],"wp:term":[{"taxonomy":"category","embeddable":true,"href":"https:\/\/www.europesays.com\/fr\/wp-json\/wp\/v2\/categories?post=563523"},{"taxonomy":"post_tag","embeddable":true,"href":"https:\/\/www.europesays.com\/fr\/wp-json\/wp\/v2\/tags?post=563523"}],"curies":[{"name":"wp","href":"https:\/\/api.w.org\/{rel}","templated":true}]}}