{"id":563525,"date":"2025-11-28T02:16:12","date_gmt":"2025-11-28T02:16:12","guid":{"rendered":"https:\/\/www.europesays.com\/fr\/563525\/"},"modified":"2025-11-28T02:16:12","modified_gmt":"2025-11-28T02:16:12","slug":"trump-annonce-que-lune-des-membres-de-la-garde-nationale-attaquee-a-washington-est-morte","status":"publish","type":"post","link":"https:\/\/www.europesays.com\/fr\/563525\/","title":{"rendered":"Trump annonce que l\u2019une des membres de la Garde nationale attaqu\u00e9e \u00e0 Washington est morte"},"content":{"rendered":"<p>La Garde nationale am\u00e9ricaine est endeuill\u00e9e apr\u00e8s <a href=\"https:\/\/www.20minutes.fr\/monde\/etats-unis\/4188201-20251126-etats-unis-deux-soldats-garde-nationale-blesses-lors-fusillade-pres-maison-blanche\" target=\"_blank\" class=\"c-link c-link--is-underlined\" rel=\"noopener\">l\u2019attaque survenue mercredi \u00e0 Washington<\/a>, au cours de laquelle deux soldats ont \u00e9t\u00e9 vis\u00e9s par un <a href=\"https:\/\/www.20minutes.fr\/monde\/etats-unis\/4188233-20251127-etats-unis-afghanistan-cia-sait-homme-suspecte-avoir-tire-deux-soldats-pres-maison-blanche\" target=\"_blank\" class=\"c-link c-link--is-underlined\" rel=\"noopener\">suspect afghan<\/a>. L\u2019une des victimes, Sarah Beckstrom, originaire de Virginie-Occidentale, a succomb\u00e9 \u00e0 ses blessures, a annonc\u00e9 jeudi <a href=\"https:\/\/www.20minutes.fr\/dossier\/donald_trump\" target=\"_blank\" class=\"c-link c-link--is-underlined\" rel=\"noopener\">Donald Trump<\/a> lors d\u2019une allocution t\u00e9l\u00e9vis\u00e9e depuis sa r\u00e9sidence de Mar-a-Lago en Floride.<\/p>\n<p>Le le pr\u00e9sident am\u00e9ricain a salu\u00e9 la m\u00e9moire de la jeune militaire, \u00e9voquant \u00ab\u00a0une personne tr\u00e8s respect\u00e9e, jeune et magnifique\u00a0\u00bb, entr\u00e9e en service en juin\u00a02023 et \u00ab\u00a0remarquable \u00e0 tous \u00e9gards\u00a0\u00bb.<\/p>\n<\/p>\n<p>Le second soldat \u00ab\u00a0lutte pour sa vie\u00a0\u00bb<\/p>\n<p>Il a par ailleurs indiqu\u00e9 que le second garde national touch\u00e9 par les tirs \u00ab\u00a0lutte pour sa vie\u00a0\u00bb, pr\u00e9cisant que le soldat est dans un \u00e9tat \u00ab\u00a0tr\u00e8s grave\u00a0\u00bb et que l\u2019administration esp\u00e8re \u00ab\u00a0de meilleures nouvelles\u00a0\u00bb dans les prochaines heures. Plus tot dans la journ\u00e9e, la procureure f\u00e9d\u00e9rale Jeanine Pirro a indiqu\u00e9, lors d&rsquo;une conf\u00e9rence de presse, que Rahmanullah Lakanwal, le <a href=\"https:\/\/www.20minutes.fr\/dossier\/suspect\" target=\"_blank\" class=\"c-link c-link--is-underlined\" rel=\"noopener\">suspect<\/a>, aurait travers\u00e9 le pays depuis l\u2019Etat de Washington pour attaquer des membres de la Garde nationale.<\/p>\n<p><a href=\"https:\/\/www.20minutes.fr\/monde\/etats-unis\/\" target=\"_blank\" class=\"c-link c-btn c-btn--primary\" rel=\"noopener\">Notre dossier sur les Etats-Unis<\/a><\/p>\n<p>Selon elle, il a tendu une embuscade et ouvert le feu avec un revolver Smith &amp; Wesson .357, touchant un garde \u00e0 terre avant de tirer de nouveau, tandis qu\u2019un autre \u00e9tait frapp\u00e9 plusieurs fois. D\u2019autres membres de la Garde nationale ont rapidement r\u00e9agi, ripost\u00e9 et ma\u00eetris\u00e9 le suspect apr\u00e8s qu\u2019il a \u00e9t\u00e9 bless\u00e9 par un tir. Ils sont parvenus \u00e0 le neutraliser et \u00e0 mettre fin \u00e0 l\u2019attaque, a-t-elle ajout\u00e9, cit\u00e9 par les m\u00e9dias am\u00e9ricains, dont <a href=\"https:\/\/abcnews.go.com\/US\/2-national-guard-members-remain-critical-condition-after\/story?id=127924182\" rel=\"nofollow noopener\" target=\"_blank\" class=\"c-link c-link--is-underlined\">ABC News<\/a>.<\/p>\n","protected":false},"excerpt":{"rendered":"La Garde nationale am\u00e9ricaine est endeuill\u00e9e apr\u00e8s l\u2019attaque survenue mercredi \u00e0 Washington, au cours de laquelle deux soldats&hellip;\n","protected":false},"author":2,"featured_media":563526,"comment_status":"","ping_status":"","sticky":false,"template":"","format":"standard","meta":{"footnotes":""},"categories":[5],"tags":[47,11,598,6376,3983,75,73,1011,27,3832,14,74,12,2744,28],"class_list":{"0":"post-563525","1":"post","2":"type-post","3":"status-publish","4":"format-standard","5":"has-post-thumbnail","7":"category-international","8":"tag-actualite","9":"tag-actualites","10":"tag-afghanistan","11":"tag-armes","12":"tag-deces","13":"tag-donald-trump","14":"tag-etats-unis","15":"tag-fr","16":"tag-france","17":"tag-fusillade","18":"tag-international","19":"tag-monde","20":"tag-news","21":"tag-washington","22":"tag-world"},"share_on_mastodon":{"url":"https:\/\/pubeurope.com\/@fr\/115624921371208213","error":""},"_links":{"self":[{"href":"https:\/\/www.europesays.com\/fr\/wp-json\/wp\/v2\/posts\/563525","targetHints":{"allow":["GET"]}}],"collection":[{"href":"https:\/\/www.europesays.com\/fr\/wp-json\/wp\/v2\/posts"}],"about":[{"href":"https:\/\/www.europesays.com\/fr\/wp-json\/wp\/v2\/types\/post"}],"author":[{"embeddable":true,"href":"https:\/\/www.europesays.com\/fr\/wp-json\/wp\/v2\/users\/2"}],"replies":[{"embeddable":true,"href":"https:\/\/www.europesays.com\/fr\/wp-json\/wp\/v2\/comments?post=563525"}],"version-history":[{"count":0,"href":"https:\/\/www.europesays.com\/fr\/wp-json\/wp\/v2\/posts\/563525\/revisions"}],"wp:featuredmedia":[{"embeddable":true,"href":"https:\/\/www.europesays.com\/fr\/wp-json\/wp\/v2\/media\/563526"}],"wp:attachment":[{"href":"https:\/\/www.europesays.com\/fr\/wp-json\/wp\/v2\/media?parent=563525"}],"wp:term":[{"taxonomy":"category","embeddable":true,"href":"https:\/\/www.europesays.com\/fr\/wp-json\/wp\/v2\/categories?post=563525"},{"taxonomy":"post_tag","embeddable":true,"href":"https:\/\/www.europesays.com\/fr\/wp-json\/wp\/v2\/tags?post=563525"}],"curies":[{"name":"wp","href":"https:\/\/api.w.org\/{rel}","templated":true}]}}