{"id":563535,"date":"2025-11-28T02:25:14","date_gmt":"2025-11-28T02:25:14","guid":{"rendered":"https:\/\/www.europesays.com\/fr\/563535\/"},"modified":"2025-11-28T02:25:14","modified_gmt":"2025-11-28T02:25:14","slug":"cinq-personnes-interpellees-pres-de-tours-pour-des-guets-apens-homophobes","status":"publish","type":"post","link":"https:\/\/www.europesays.com\/fr\/563535\/","title":{"rendered":"Cinq personnes interpell\u00e9es pr\u00e8s de Tours pour des guets-apens homophobes"},"content":{"rendered":"<p>Cinq personnes, dont trois sont mineures, ont \u00e9t\u00e9 interpell\u00e9es mercredi \u00e0 <a href=\"https:\/\/tours.maville.com\/\/\" target=\"_self\" rel=\"noopener\">Montlouis-sur-Loire<\/a> (Indre-et-Loire) pour avoir organis\u00e9 deux <a href=\"https:\/\/paris.maville.com\/actu\/actudet_-des-guets-apens-ultra-violents-deux-jeunes-victimes-d-agressions-homophobes-a-noisy-le-sec-_53511-7032078_actu.Htm\" target=\"_self\" rel=\"noopener\">guets-apens \u00e0 caract\u00e8re homophobe,<\/a> a annonc\u00e9 jeudi \u00e0 l\u2019Agence France-Presse (AFP) la procureure de la R\u00e9publique de Tours, Catherine Sorita-Minard, confirmant une information  <a href=\"https:\/\/www.francebleu.fr\/infos\/faits-divers-justice\/montlouis-sur-loire-deux-violents-guet-apens-a-caractere-homophobe-cinq-personnes-interpellees-dont-deux-mineurs-5670767\" target=\"_self\" rel=\"noopener\">d\u2019Ici Touraine.<\/a> <\/p>\n<p>Les trois mineurs ont \u00e9t\u00e9 d\u00e9f\u00e9r\u00e9s jeudi et pr\u00e9sent\u00e9s devant un juge des enfants. Le parquet a requis leur placement sous contr\u00f4le judiciaire, et pour deux d\u2019entre eux le placement dans un foyer, a pr\u00e9cis\u00e9 la m\u00eame source.<\/p>\n<p><strong>Lire aussi\u00a0:<\/strong> <a href=\"https:\/\/nantes.maville.com\/actu\/actudet_--il-y-a-une-volonte-de-repandre-la-peur-la-communaute-lgbt-+-sous-le-feu-d-agressions-_8-6946610_actu.Htm\" target=\"_self\" rel=\"noopener\">\u00ab\u00a0Il y a une volont\u00e9 de r\u00e9pandre la peur\u00a0\u00bb\u00a0: la communaut\u00e9 LGBT +\u00a0sous le feu d\u2019agressions<\/a><\/p>\n<p>Les deux majeurs jug\u00e9s en comparution imm\u00e9diate<\/p>\n<p>Le jugement des trois mineurs est pr\u00e9vu en f\u00e9vrier\u00a02026.<\/p>\n<p>Les deux majeurs, qui ont des ant\u00e9c\u00e9dents judiciaires, seront jug\u00e9s vendredi en comparution imm\u00e9diate.<\/p>\n<p>Les cinq agresseurs pr\u00e9sum\u00e9s sont poursuivis pour violences aggrav\u00e9es, notamment en raison de l\u2019orientation sexuelle de la victime, et pour association de malfaiteurs.<\/p>\n<p>15 et 30\u00a0jours d\u2019ITT pour les deux victimes<\/p>\n<p>Ils sont entr\u00e9s en contact avec leurs deux victimes via une application de rencontre, leur ont donn\u00e9 rendez-vous le mois dernier et les ont violent\u00e9s en prof\u00e9rant des injures homophobes.<\/p>\n<p>Bless\u00e9es, les deux victimes se sont vues reconna\u00eetre 15 et 30\u00a0jours d\u2019incapacit\u00e9 totale de travail (ITT).<\/p>\n<p>\u00a0<\/p>\n","protected":false},"excerpt":{"rendered":"Cinq personnes, dont trois sont mineures, ont \u00e9t\u00e9 interpell\u00e9es mercredi \u00e0 Montlouis-sur-Loire (Indre-et-Loire) pour avoir organis\u00e9 deux guets-apens&hellip;\n","protected":false},"author":2,"featured_media":563536,"comment_status":"","ping_status":"","sticky":false,"template":"","format":"standard","meta":{"footnotes":""},"categories":[9619],"tags":[1111,11,1777,674,1011,27,67968,45464,14049,12,3744,3762,882,25,2310,1390],"class_list":{"0":"post-563535","1":"post","2":"type-post","3":"status-publish","4":"format-standard","5":"has-post-thumbnail","7":"category-toulon","8":"tag-actu","9":"tag-actualites","10":"tag-eu","11":"tag-europe","12":"tag-fr","13":"tag-france","14":"tag-guets-apens","15":"tag-homophobes","16":"tag-interpellees","17":"tag-news","18":"tag-personnes","19":"tag-pres","20":"tag-provence-alpes-cote-dazur","21":"tag-republique-francaise","22":"tag-toulon","23":"tag-tours"},"share_on_mastodon":{"url":"","error":""},"_links":{"self":[{"href":"https:\/\/www.europesays.com\/fr\/wp-json\/wp\/v2\/posts\/563535","targetHints":{"allow":["GET"]}}],"collection":[{"href":"https:\/\/www.europesays.com\/fr\/wp-json\/wp\/v2\/posts"}],"about":[{"href":"https:\/\/www.europesays.com\/fr\/wp-json\/wp\/v2\/types\/post"}],"author":[{"embeddable":true,"href":"https:\/\/www.europesays.com\/fr\/wp-json\/wp\/v2\/users\/2"}],"replies":[{"embeddable":true,"href":"https:\/\/www.europesays.com\/fr\/wp-json\/wp\/v2\/comments?post=563535"}],"version-history":[{"count":0,"href":"https:\/\/www.europesays.com\/fr\/wp-json\/wp\/v2\/posts\/563535\/revisions"}],"wp:featuredmedia":[{"embeddable":true,"href":"https:\/\/www.europesays.com\/fr\/wp-json\/wp\/v2\/media\/563536"}],"wp:attachment":[{"href":"https:\/\/www.europesays.com\/fr\/wp-json\/wp\/v2\/media?parent=563535"}],"wp:term":[{"taxonomy":"category","embeddable":true,"href":"https:\/\/www.europesays.com\/fr\/wp-json\/wp\/v2\/categories?post=563535"},{"taxonomy":"post_tag","embeddable":true,"href":"https:\/\/www.europesays.com\/fr\/wp-json\/wp\/v2\/tags?post=563535"}],"curies":[{"name":"wp","href":"https:\/\/api.w.org\/{rel}","templated":true}]}}