{"id":563541,"date":"2025-11-28T02:29:22","date_gmt":"2025-11-28T02:29:22","guid":{"rendered":"https:\/\/www.europesays.com\/fr\/563541\/"},"modified":"2025-11-28T02:29:22","modified_gmt":"2025-11-28T02:29:22","slug":"la-police-nationale-de-seine-maritime-lance-un-appel-a-temoins-apres-la-disparition-jugee-inquietante-dune-adolescente-de-14-ans-elle-aurait-ete-apercue-a-rouen","status":"publish","type":"post","link":"https:\/\/www.europesays.com\/fr\/563541\/","title":{"rendered":"La police nationale de Seine-Maritime lance un appel \u00e0 t\u00e9moins apr\u00e8s la disparition jug\u00e9e inqui\u00e9tante d&rsquo;une adolescente de 14 ans &#8211; Elle aurait \u00e9t\u00e9 aper\u00e7ue \u00e0 Rouen"},"content":{"rendered":"<p>La police nationale de Seine-Maritime lance un appel \u00e0 t\u00e9moins apr\u00e8s la disparition jug\u00e9e inqui\u00e9tante d&rsquo;une adolescente de 14 ans depuis le 7 novembre dernier.\u00a0<\/p>\n<p>Louanne Caufourier,\u00a0qui a disparu depuis sa sortie du coll\u00e8ge, aurait \u00ab\u00a0\u00e9t\u00e9 aper\u00e7ue dans le quartier Saint-Sever de Rouen\u00a0\u00bb au cours de la semaine, selon les autorit\u00e9s.<\/p>\n<p>La police d\u00e9crit Louanne dans son avis de recherche. Elle a les cheveux ch\u00e2tains, longs et lisses, mesure 160cm, est de corpulence tr\u00e8s mince et de type europ\u00e9en.<\/p>\n<p>Lors de sa disparition, elle portait un surv\u00eatement noir de la marque Under Armour.<\/p>\n<p>La police incite les personnes disposant d&rsquo;informations utiles \u00e0 contacter l&rsquo;h\u00f4tel de police de Rouen au 02.32.81.25.00.<\/p>\n","protected":false},"excerpt":{"rendered":"La police nationale de Seine-Maritime lance un appel \u00e0 t\u00e9moins apr\u00e8s la disparition jug\u00e9e inqui\u00e9tante d&rsquo;une adolescente de&hellip;\n","protected":false},"author":2,"featured_media":563542,"comment_status":"","ping_status":"","sticky":false,"template":"","format":"standard","meta":{"footnotes":""},"categories":[9587],"tags":[1111,11,67969,2715,1777,674,1011,27,12,5161,1072,25,9590],"class_list":{"0":"post-563541","1":"post","2":"type-post","3":"status-publish","4":"format-standard","5":"has-post-thumbnail","7":"category-rouen","8":"tag-actu","9":"tag-actualites","10":"tag-appel-u00e0-tu00e9moins","11":"tag-disparition","12":"tag-eu","13":"tag-europe","14":"tag-fr","15":"tag-france","16":"tag-news","17":"tag-normandie","18":"tag-police","19":"tag-republique-francaise","20":"tag-rouen"},"share_on_mastodon":{"url":"https:\/\/pubeurope.com\/@fr\/115624972507734396","error":""},"_links":{"self":[{"href":"https:\/\/www.europesays.com\/fr\/wp-json\/wp\/v2\/posts\/563541","targetHints":{"allow":["GET"]}}],"collection":[{"href":"https:\/\/www.europesays.com\/fr\/wp-json\/wp\/v2\/posts"}],"about":[{"href":"https:\/\/www.europesays.com\/fr\/wp-json\/wp\/v2\/types\/post"}],"author":[{"embeddable":true,"href":"https:\/\/www.europesays.com\/fr\/wp-json\/wp\/v2\/users\/2"}],"replies":[{"embeddable":true,"href":"https:\/\/www.europesays.com\/fr\/wp-json\/wp\/v2\/comments?post=563541"}],"version-history":[{"count":0,"href":"https:\/\/www.europesays.com\/fr\/wp-json\/wp\/v2\/posts\/563541\/revisions"}],"wp:featuredmedia":[{"embeddable":true,"href":"https:\/\/www.europesays.com\/fr\/wp-json\/wp\/v2\/media\/563542"}],"wp:attachment":[{"href":"https:\/\/www.europesays.com\/fr\/wp-json\/wp\/v2\/media?parent=563541"}],"wp:term":[{"taxonomy":"category","embeddable":true,"href":"https:\/\/www.europesays.com\/fr\/wp-json\/wp\/v2\/categories?post=563541"},{"taxonomy":"post_tag","embeddable":true,"href":"https:\/\/www.europesays.com\/fr\/wp-json\/wp\/v2\/tags?post=563541"}],"curies":[{"name":"wp","href":"https:\/\/api.w.org\/{rel}","templated":true}]}}