{"id":563543,"date":"2025-11-28T02:30:20","date_gmt":"2025-11-28T02:30:20","guid":{"rendered":"https:\/\/www.europesays.com\/fr\/563543\/"},"modified":"2025-11-28T02:30:20","modified_gmt":"2025-11-28T02:30:20","slug":"isere-le-ministre-de-lindustrie-en-visite-a-crolles-pour-teisseire-et-au-pont-de-claix-pour-exalia-ce-vendredi","status":"publish","type":"post","link":"https:\/\/www.europesays.com\/fr\/563543\/","title":{"rendered":"Is\u00e8re. Le ministre de l\u2019Industrie en visite \u00e0 Crolles pour Teisseire et au Pont-de-Claix pour Exalia ce vendredi"},"content":{"rendered":"<p>C\u2019est ce vendredi 28\u00a0novembre que les <a href=\"https:\/\/www.ledauphine.com\/economie\/2025\/11\/07\/isere-le-pont-de-claix-sur-la-plateforme-chimique-une-fin-d-annee-decisive-pour-le-projet-exalia\" target=\"_blank\" rel=\"noopener\">porteurs du projet Exalia<\/a> , qui veulent reprendre une partie des actifs de Vencorex sur la plateforme chimique du Pont-de-Claix, doivent d\u00e9poser leur offre devant le tribunal de commerce de Lyon.<\/p>\n<p>Depuis plusieurs mois, ils travaillent pour mettre sur pied ce projet qui ambitionne de \u00ab\u00a0faire rena\u00eetre\u00a0\u00bb la plateforme autour d\u2019une chimie \u00ab\u00a0verte\u00a0\u00bb, \u00ab\u00a0sobre\u00a0\u00bb, \u00ab\u00a0d\u00e9carbon\u00e9e\u00a0\u00bb et \u00ab\u00a0souveraine\u00a0\u00bb. \u00a0Avec, dans un premier temps, le red\u00e9marrage de la production de chlore \u00e0 partir du sel de la mine d\u2019Hauterives (Dr\u00f4me), achemin\u00e9 par un saumoduc, qui serait rachet\u00e9 \u00e0 Vencorex. L\u2019activit\u00e9 sera d\u2019abord concentr\u00e9e sur la vente de sel, de soude et de chlore avec un d\u00e9but de production en septembre 2027.<\/p>\n<p>Pour boucler son financement, estim\u00e9 \u00e0 pr\u00e8s de 60\u00a0millions d\u2019euros, Exalia peut d\u00e9j\u00e0 compter sur le soutien de la M\u00e9tropole de Grenoble dont les \u00e9lus ont adopt\u00e9 un soutien de principe au projet de soci\u00e9t\u00e9 d\u2019un montant de trois millions d\u2019euros. Les porteurs du projet, d\u2019anciens salari\u00e9s et des acteurs \u00e9conomiques locaux, esp\u00e8rent aussi un soutien de l\u2019\u00c9tat. Ce que pourrait venir annoncer sur place le ministre d\u00e9l\u00e9gu\u00e9 de l\u2019Industrie, <a href=\"https:\/\/www.ledauphine.com\/p\/sebastien-martin\" target=\"_blank\" rel=\"noopener\">S\u00e9bastien Martin<\/a>, attendu ce vendredi 28\u00a0novembre dans l\u2019apr\u00e8s-midi.<\/p>\n<p>Dans la matin\u00e9e, le ministre rencontrera d\u2019abord les \u00e9lus du Gr\u00e9sivaudan puis la direction et les syndicats de Teisseire \u00e0 Crolles alors que le fabriquant is\u00e9rois de sirops a annonc\u00e9, mi-octobre, <a href=\"https:\/\/www.ledauphine.com\/d\/fermeture-de-l-usine-teisseire-a-crolles-577261e1-72f1-4689-bc9f-0af850e09830\" target=\"_blank\" rel=\"noopener\">la fermeture de son usine<\/a> de production et la suppression de pr\u00e8s de 200 postes.<\/p>\n","protected":false},"excerpt":{"rendered":"C\u2019est ce vendredi 28\u00a0novembre que les porteurs du projet Exalia , qui veulent reprendre une partie des actifs&hellip;\n","protected":false},"author":2,"featured_media":563544,"comment_status":"","ping_status":"","sticky":false,"template":"","format":"standard","meta":{"footnotes":""},"categories":[9566],"tags":[1111,11,2430,21175,33,113,1777,674,1011,27,2731,693,108,7000,3294,12,316,25,216],"class_list":{"0":"post-563543","1":"post","2":"type-post","3":"status-publish","4":"format-standard","5":"has-post-thumbnail","7":"category-grenoble","8":"tag-actu","9":"tag-actualites","10":"tag-auvergne-rhone-alpes","11":"tag-crolles","12":"tag-economie","13":"tag-edition-gresivaudan-oisans","14":"tag-eu","15":"tag-europe","16":"tag-fr","17":"tag-france","18":"tag-grenoble","19":"tag-industrie","20":"tag-isere","21":"tag-lagglomeration","22":"tag-le-pont-de-claix","23":"tag-news","24":"tag-politique","25":"tag-republique-francaise","26":"tag-vie-des-entreprises"},"share_on_mastodon":{"url":"https:\/\/pubeurope.com\/@fr\/115624976329587567","error":""},"_links":{"self":[{"href":"https:\/\/www.europesays.com\/fr\/wp-json\/wp\/v2\/posts\/563543","targetHints":{"allow":["GET"]}}],"collection":[{"href":"https:\/\/www.europesays.com\/fr\/wp-json\/wp\/v2\/posts"}],"about":[{"href":"https:\/\/www.europesays.com\/fr\/wp-json\/wp\/v2\/types\/post"}],"author":[{"embeddable":true,"href":"https:\/\/www.europesays.com\/fr\/wp-json\/wp\/v2\/users\/2"}],"replies":[{"embeddable":true,"href":"https:\/\/www.europesays.com\/fr\/wp-json\/wp\/v2\/comments?post=563543"}],"version-history":[{"count":0,"href":"https:\/\/www.europesays.com\/fr\/wp-json\/wp\/v2\/posts\/563543\/revisions"}],"wp:featuredmedia":[{"embeddable":true,"href":"https:\/\/www.europesays.com\/fr\/wp-json\/wp\/v2\/media\/563544"}],"wp:attachment":[{"href":"https:\/\/www.europesays.com\/fr\/wp-json\/wp\/v2\/media?parent=563543"}],"wp:term":[{"taxonomy":"category","embeddable":true,"href":"https:\/\/www.europesays.com\/fr\/wp-json\/wp\/v2\/categories?post=563543"},{"taxonomy":"post_tag","embeddable":true,"href":"https:\/\/www.europesays.com\/fr\/wp-json\/wp\/v2\/tags?post=563543"}],"curies":[{"name":"wp","href":"https:\/\/api.w.org\/{rel}","templated":true}]}}