{"id":563547,"date":"2025-11-28T02:32:13","date_gmt":"2025-11-28T02:32:13","guid":{"rendered":"https:\/\/www.europesays.com\/fr\/563547\/"},"modified":"2025-11-28T02:32:13","modified_gmt":"2025-11-28T02:32:13","slug":"accidents-autour-des-bus-scolaires-aux-etats-unis-tous-les-automobilistes-ont-ce-reflexe","status":"publish","type":"post","link":"https:\/\/www.europesays.com\/fr\/563547\/","title":{"rendered":"Accidents autour des bus scolaires\u00a0: \u00ab\u00a0Aux \u00c9tats-Unis, tous les automobilistes ont ce r\u00e9flexe"},"content":{"rendered":"<p>Dans le cadre de notre rubrique \u00ab\u00a0Courrier des lectrices et des lecteurs\u00a0\u00bb, Armelle L. L. (Ille-et-Vilaine) r\u00e9agit apr\u00e8s un r\u00e9cent accident de la circulation\u00a0:<\/p>\n<p>\u00ab\u00a0Je suis boulevers\u00e9e ce matin \u00e0 la lecture d\u2019un <a href=\"https:\/\/rennes.maville.com\/actu\/actudet_--tout-le-monde-est-sous-le-choc-un-garcon-de-12-ans-meurt-percute-par-un-vehicule-au-sud-de-rennes-_7-7081228_actu.Htm\" target=\"_blank\" rel=\"noopener\">terrible accident survenu \u00e0 Pir\u00e9-Chanc\u00e9<\/a> (Ille-et-Vilaine) et \u00e0 l\u2019annonce de la mort de ce jeune coll\u00e9gien (percut\u00e9 par une camionnette le mercredi 26\u00a0novembre 2025 alors qu\u2019il traversait la route pour prendre son bus). Je pense aussi aux r\u00e9percussions sur le conducteur et ses proches.<\/p>\n<p>\u00c0 chaque nouveau drame de ce genre, je pense \u00e0 ce que j\u2019ai vu il y a d\u00e9j\u00e0 plusieurs ann\u00e9es lors d\u2019un voyage aux \u00c9tats-Unis. L\u00e0-bas, d\u00e8s qu\u2019un car scolaire s\u2019arr\u00eate pour prendre ou d\u00e9poser des enfants, automatiquement, les conducteurs dans les deux sens de circulation s\u2019arr\u00eatent\u00a0! Les feux warnings du car scolaire (d\u2019ailleurs clairement signal\u00e9s car positionn\u00e9s en hauteur) sont allum\u00e9s et les automobilistes font de m\u00eame, et cela jusqu\u2019au d\u00e9part du car. Ce dernier ne reprend sa route que lorsque les enfants sont en s\u00e9curit\u00e9 du bon c\u00f4t\u00e9 de la route. Je trouve que perdre quelques minutes vaut bien la vie d\u2019un enfant et le bonheur de ses parents.\u00a0\u00bb<\/p>\n<p>\u00a0<\/p>\n","protected":false},"excerpt":{"rendered":"Dans le cadre de notre rubrique \u00ab\u00a0Courrier des lectrices et des lecteurs\u00a0\u00bb, Armelle L. L. (Ille-et-Vilaine) r\u00e9agit apr\u00e8s&hellip;\n","protected":false},"author":2,"featured_media":563548,"comment_status":"","ping_status":"","sticky":false,"template":"","format":"standard","meta":{"footnotes":""},"categories":[2821],"tags":[3085,1111,11,4691,7051,829,7048,73,1777,674,1011,27,12,67970,584,25,8009,18728,6577],"class_list":{"0":"post-563547","1":"post","2":"type-post","3":"status-publish","4":"format-standard","5":"has-post-thumbnail","7":"category-rennes","8":"tag-accidents","9":"tag-actu","10":"tag-actualites","11":"tag-automobilistes","12":"tag-autour","13":"tag-bretagne","14":"tag-bus","15":"tag-etats-unis","16":"tag-eu","17":"tag-europe","18":"tag-fr","19":"tag-france","20":"tag-news","21":"tag-reflexe","22":"tag-rennes","23":"tag-republique-francaise","24":"tag-sauve","25":"tag-scolaires","26":"tag-vies"},"share_on_mastodon":{"url":"https:\/\/pubeurope.com\/@fr\/115624984879886821","error":""},"_links":{"self":[{"href":"https:\/\/www.europesays.com\/fr\/wp-json\/wp\/v2\/posts\/563547","targetHints":{"allow":["GET"]}}],"collection":[{"href":"https:\/\/www.europesays.com\/fr\/wp-json\/wp\/v2\/posts"}],"about":[{"href":"https:\/\/www.europesays.com\/fr\/wp-json\/wp\/v2\/types\/post"}],"author":[{"embeddable":true,"href":"https:\/\/www.europesays.com\/fr\/wp-json\/wp\/v2\/users\/2"}],"replies":[{"embeddable":true,"href":"https:\/\/www.europesays.com\/fr\/wp-json\/wp\/v2\/comments?post=563547"}],"version-history":[{"count":0,"href":"https:\/\/www.europesays.com\/fr\/wp-json\/wp\/v2\/posts\/563547\/revisions"}],"wp:featuredmedia":[{"embeddable":true,"href":"https:\/\/www.europesays.com\/fr\/wp-json\/wp\/v2\/media\/563548"}],"wp:attachment":[{"href":"https:\/\/www.europesays.com\/fr\/wp-json\/wp\/v2\/media?parent=563547"}],"wp:term":[{"taxonomy":"category","embeddable":true,"href":"https:\/\/www.europesays.com\/fr\/wp-json\/wp\/v2\/categories?post=563547"},{"taxonomy":"post_tag","embeddable":true,"href":"https:\/\/www.europesays.com\/fr\/wp-json\/wp\/v2\/tags?post=563547"}],"curies":[{"name":"wp","href":"https:\/\/api.w.org\/{rel}","templated":true}]}}