{"id":563549,"date":"2025-11-28T02:33:19","date_gmt":"2025-11-28T02:33:19","guid":{"rendered":"https:\/\/www.europesays.com\/fr\/563549\/"},"modified":"2025-11-28T02:33:19","modified_gmt":"2025-11-28T02:33:19","slug":"une-soiree-xxl-sous-la-neige-debarque-a-rennes-ce-week-end","status":"publish","type":"post","link":"https:\/\/www.europesays.com\/fr\/563549\/","title":{"rendered":"Une soir\u00e9e XXL sous la neige d\u00e9barque \u00e0 Rennes ce week-end"},"content":{"rendered":"<p>Oubliez la grisaille rennaise, le temps d\u2019une nuit, vous serez plong\u00e9 dans une ambiance montagne, entre neige, musique et vibes glac\u00e9es qui vont r\u00e9chauffer tout le dancefloor.<\/p>\n<p>Une station de ski en plein c\u0153ur de Rennes<\/p>\n<p>Oui, vous avez bien lu. \u00c0 d\u00e9faut de pouvoir d\u00e9valer les pistes, c\u2019est vous qui allez faire monter la temp\u00e9rature. Le Morex sort les canons \u00e0 neige\u00a0! Le lieu s\u2019habille <strong>fa\u00e7on chalet d\u2019altitude\u00a0: d\u00e9cor enneig\u00e9, atmosph\u00e8re givr\u00e9e, surprises visuelles et ambiance digne d\u2019un after-ski \u00e0 2000 m\u00e8tres d\u2019altitude. <\/strong>L\u2019objectif\u00a0? Vous faire vivre une exp\u00e9rience immersive dans un lieu totalement revisit\u00e9, comme si vous aviez saut\u00e9 directement dans une station des Alpes, mais sans quitter la ville.<\/p>\n<blockquote class=\"instagram-media\" data-instgrm-permalink=\"https:\/\/www.instagram.com\/p\/DRfKWM_krLh\/?utm_source=ig_embed&amp;utm_campaign=loading\" data-instgrm-version=\"14\" style=\"background: #FFF; border: 0; border-radius: 3px; box-shadow: 0 0 1px 0 rgba(0,0,0,0.5),0 1px 10px 0 rgba(0,0,0,0.15); margin: 1px; max-width: 540px; min-width: 326px; padding: 0; width: calc(100% - 2px);\">\n<\/blockquote>\n<p>Un \u00e9norme DJ set pour enflammer la piste<\/p>\n<p>Qui dit soir\u00e9e XXL dit forc\u00e9ment grosse ambiance. La programmation musicale s\u2019annonce explosive avec un DJ set pens\u00e9 pour vous garder en mouvement toute la nuit. House, \u00e9lectro,\u2026 le mix parfait entre \u00e9nergie, bonne humeur et pulsations qui donnent envie de danser sous les flocons. Et ne vous inqui\u00e9tez pas, m\u00eame si la neige tombe, le rythme, lui, ne ralentira pas une seconde.<\/p>\n<p>Dress code conseill\u00e9\u00a0: moonboots, doudounes &amp; esprit montagne<\/p>\n<p>On ne pouvait pas r\u00eaver meilleure occasion pour sortir votre plus belle panoplie de skieur. <strong>Doudounes, combinaisons vintage, bonnets, moufles, moonboots\u2026 tout est permis et encourag\u00e9\u00a0! <\/strong>Plus vous jouerez le jeu, plus l\u2019immersion sera totale.<\/p>\n<p><a href=\"https:\/\/shotgun.live\/fr\/events\/nouvelle-date-ouvertures-des-pistes-open-air-gratuit\" rel=\"nofollow noopener noreferrer\" target=\"_blank\">Toutes les infos par ici<\/a><\/p>\n<p>Morex Custom House : Restaurant Bar<\/p>\n<li class=\"address info\">route de Lorient Vezin-le-Coquet<\/li>\n<li class=\"opening-hours\">Lundi : 11:00 &#8211; 15:00<\/li>\n<li class=\"opening-hours\">Mardi &#8211; mercredi : 11:00 &#8211; 15:00, 17:30 &#8211; 23:00<\/li>\n<li class=\"opening-hours\">Jeudi : 11:00 &#8211; 15:00, 17:30 &#8211; 0:00<\/li>\n<li class=\"opening-hours\">Vendredi : 11:00 &#8211; 0:00<\/li>\n<li class=\"opening-hours\">Samedi : 11:00 &#8211; 1:00<\/li>\n<li class=\"opening-hours close\">Dimanche : Ferm\u00e9<\/li>\n<p><script async src=\"\/\/www.instagram.com\/embed.js\"><\/script><\/p>\n","protected":false},"excerpt":{"rendered":"Oubliez la grisaille rennaise, le temps d\u2019une nuit, vous serez plong\u00e9 dans une ambiance montagne, entre neige, musique&hellip;\n","protected":false},"author":2,"featured_media":563550,"comment_status":"","ping_status":"","sticky":false,"template":"","format":"standard","meta":{"footnotes":""},"categories":[2821],"tags":[1111,11,829,1777,674,1011,27,12,584,25],"class_list":{"0":"post-563549","1":"post","2":"type-post","3":"status-publish","4":"format-standard","5":"has-post-thumbnail","7":"category-rennes","8":"tag-actu","9":"tag-actualites","10":"tag-bretagne","11":"tag-eu","12":"tag-europe","13":"tag-fr","14":"tag-france","15":"tag-news","16":"tag-rennes","17":"tag-republique-francaise"},"share_on_mastodon":{"url":"https:\/\/pubeurope.com\/@fr\/115624989041624391","error":""},"_links":{"self":[{"href":"https:\/\/www.europesays.com\/fr\/wp-json\/wp\/v2\/posts\/563549","targetHints":{"allow":["GET"]}}],"collection":[{"href":"https:\/\/www.europesays.com\/fr\/wp-json\/wp\/v2\/posts"}],"about":[{"href":"https:\/\/www.europesays.com\/fr\/wp-json\/wp\/v2\/types\/post"}],"author":[{"embeddable":true,"href":"https:\/\/www.europesays.com\/fr\/wp-json\/wp\/v2\/users\/2"}],"replies":[{"embeddable":true,"href":"https:\/\/www.europesays.com\/fr\/wp-json\/wp\/v2\/comments?post=563549"}],"version-history":[{"count":0,"href":"https:\/\/www.europesays.com\/fr\/wp-json\/wp\/v2\/posts\/563549\/revisions"}],"wp:featuredmedia":[{"embeddable":true,"href":"https:\/\/www.europesays.com\/fr\/wp-json\/wp\/v2\/media\/563550"}],"wp:attachment":[{"href":"https:\/\/www.europesays.com\/fr\/wp-json\/wp\/v2\/media?parent=563549"}],"wp:term":[{"taxonomy":"category","embeddable":true,"href":"https:\/\/www.europesays.com\/fr\/wp-json\/wp\/v2\/categories?post=563549"},{"taxonomy":"post_tag","embeddable":true,"href":"https:\/\/www.europesays.com\/fr\/wp-json\/wp\/v2\/tags?post=563549"}],"curies":[{"name":"wp","href":"https:\/\/api.w.org\/{rel}","templated":true}]}}