{"id":563551,"date":"2025-11-28T02:34:17","date_gmt":"2025-11-28T02:34:17","guid":{"rendered":"https:\/\/www.europesays.com\/fr\/563551\/"},"modified":"2025-11-28T02:34:17","modified_gmt":"2025-11-28T02:34:17","slug":"a-strasbourg-les-salaries-de-la-fnac-appeles-a-faire-greve-aujourdhui","status":"publish","type":"post","link":"https:\/\/www.europesays.com\/fr\/563551\/","title":{"rendered":"\u00e0 Strasbourg, les salari\u00e9s de la Fnac appel\u00e9s \u00e0 faire gr\u00e8ve aujourd\u2019hui"},"content":{"rendered":"<p>    <img loading=\"lazy\" width=\"1800\" height=\"900\" src=\"https:\/\/www.europesays.com\/fr\/wp-content\/uploads\/2025\/11\/jeanne-callthepolice.jpg\" class=\"attachment-full size-full\" alt=\"\" id=\"imageLove\" decoding=\"async\"  \/><\/p>\n<p id=\"breadcrumbs\"><a href=\"https:\/\/pokaa.fr\/\" target=\"_blank\" rel=\"noopener\">Accueil<\/a> \/ <a href=\"https:\/\/pokaa.fr\/categories\/actu\/\" target=\"_blank\" rel=\"noopener\">Info locale<\/a> \/ \u00ab\u00a0Black Friday\u00a0\u00bb : \u00e0 Strasbourg, les salari\u00e9s de la Fnac appel\u00e9s \u00e0 faire gr\u00e8ve aujourd\u2019hui<\/p>\n<p>                    Info locale<\/p>\n<p><b>\u00c0 Strasbourg, suivant un mot d\u2019ordre national d\u2019appel \u00e0 la gr\u00e8ve de l\u2019intersyndicale CGT-SUD pour les 28 et 29 novembre, la section locale de la CGT de la Fnac organise un rassemblement \u00e0 14h ce 28 novembre devant le centre commercial de la Maison Rouge. Une date qui correspond au premier jour du \u00ab Black Friday \u00bb.<\/b><\/p>\n<p class=\"p1\">Ce 28 novembre, la Fnac sera sans doute (au moins en partie) en gr\u00e8ve. Une date qui n\u2019est pas anodine : <b>c\u2019est le premier vendredi du march\u00e9 de No\u00ebl, mais c\u2019est surtout le premier jour du \u00ab\u00a0Black Friday\u00a0\u00bb<\/b>, op\u00e9ration commerciale de promotions en tout genre venue d\u2019outre-Atlantique.<\/p>\n<p class=\"p1\">Une d\u00e9cision de la section locale de la CGT de la Fnac, qui suit un appel national \u00e0 la gr\u00e8ve de l\u2019intersyndicale CGT-SUD. <b>\u00c0 Strasbourg, il y aura ainsi un rassemblement organis\u00e9 \u00e0 14h ce 28 novembre, devant le b\u00e2timent de la Maison Rouge<\/b>. Un mouvement de gr\u00e8ve qui, s\u2019il est suivi par les \u00e9quipes du magasin, pourrait potentiellement mettre \u00e0 l\u2019arr\u00eat la Fnac pour la journ\u00e9e.<\/p>\n<p>    <img width=\"800\" height=\"600\" src=\"https:\/\/www.europesays.com\/fr\/wp-content\/uploads\/2025\/11\/img-9256-800x600.jpg\" class=\"attachment-image-size-L size-image-size-L\" alt=\"fnac maison rouge\" decoding=\"async\" loading=\"lazy\"  \/>         \u00a9\u00a0C\u00e9lia Van Haaren \/ Pokaa <\/p>\n<p>Une augmentation des salaires et des effectifs demand\u00e9e<\/p>\n<p class=\"p1\"><a href=\"https:\/\/cgtfnac.com\/wp-content\/uploads\/2025\/11\/RECTOVERSO-RED-FRIDAY-POURCONTRE-1.pdf?fbclid=IwY2xjawOTrPtleHRuA2FlbQIxMABicmlkETFyRFJmM08xTmFhTDhwRXREc3J0YwZhcHBfaWQQMjIyMDM5MTc4ODIwMDg5MgABHmTkxTuLlUoe0W7CWhwr5Sfk43b884kDZFp9vB2eVGSVftWmRJyk-rb_ScaW_aem_RG15b-TUMmMIhzhD0O2c_A&amp;brid=iXq-1NuqSML5QqlK02fbgg\" target=\"_blank\" rel=\"noopener\">Au niveau national<\/a>, ce \u00ab\u00a0mouvement de gr\u00e8ve in\u00e9dit\u00a0\u00bb des 28 et 29 novembre a \u00e9t\u00e9 d\u00e9cid\u00e9 par l\u2019intersyndicale pour d\u00e9noncer \u00ab\u00a0le projet d\u2019int\u00e9gration du variable dans leurs salaires de base\u00a0\u00bb, ainsi que \u00ab l\u2019arr\u00eat des augmentations automatiques bas\u00e9es sur la Convention collective de branche \u00bb. <b>Le tout, alors que 86% des salari\u00e9(e)s Fnac per\u00e7oivent un salaire au niveau du SMIC, selon le tract.\u00a0<\/b><\/p>\n<p class=\"p1\"><b>L\u2019intersyndicale d\u00e9nonce \u00e9galement un sous-effectif qui les met en \u00ab\u00a0incapacit\u00e9 d\u2019assurer un service de qualit\u00e9 \u00e0 la client\u00e8le\u00a0\u00bb<\/b>, ainsi qu\u2019une \u00ab\u00a0surcharge de travail\u00a0\u00bb, demandant \u00ab l\u2019augmentation des effectifs en fonction de la charge de travail et non du chiffre d\u2019affaires. \u00bb L\u2019intersyndicale s\u2019oppose aux \u00ab choix comptables qui localisent les profits au niveau du si\u00e8ge au d\u00e9triment des magasins \u00bb. Reste \u00e0 voir comment la gr\u00e8ve sera suivie \u00e0 Strasbourg, les 28 et 29 novembre.<\/p>\n","protected":false},"excerpt":{"rendered":"Accueil \/ Info locale \/ \u00ab\u00a0Black Friday\u00a0\u00bb : \u00e0 Strasbourg, les salari\u00e9s de la Fnac appel\u00e9s \u00e0 faire&hellip;\n","protected":false},"author":2,"featured_media":563552,"comment_status":"","ping_status":"","sticky":false,"template":"","format":"standard","meta":{"footnotes":""},"categories":[2820],"tags":[1111,917,11,56038,1777,674,13553,1011,27,775,6151,12,25,640,58524],"class_list":{"0":"post-563551","1":"post","2":"type-post","3":"status-publish","4":"format-standard","5":"has-post-thumbnail","7":"category-strasbourg","8":"tag-actu","9":"tag-actu-locale","10":"tag-actualites","11":"tag-black-friday","12":"tag-eu","13":"tag-europe","14":"tag-fnac","15":"tag-fr","16":"tag-france","17":"tag-grand-est","18":"tag-greve","19":"tag-news","20":"tag-republique-francaise","21":"tag-strasbourg","22":"tag-strasbourg-actualite"},"share_on_mastodon":{"url":"https:\/\/pubeurope.com\/@fr\/115624992645681383","error":""},"_links":{"self":[{"href":"https:\/\/www.europesays.com\/fr\/wp-json\/wp\/v2\/posts\/563551","targetHints":{"allow":["GET"]}}],"collection":[{"href":"https:\/\/www.europesays.com\/fr\/wp-json\/wp\/v2\/posts"}],"about":[{"href":"https:\/\/www.europesays.com\/fr\/wp-json\/wp\/v2\/types\/post"}],"author":[{"embeddable":true,"href":"https:\/\/www.europesays.com\/fr\/wp-json\/wp\/v2\/users\/2"}],"replies":[{"embeddable":true,"href":"https:\/\/www.europesays.com\/fr\/wp-json\/wp\/v2\/comments?post=563551"}],"version-history":[{"count":0,"href":"https:\/\/www.europesays.com\/fr\/wp-json\/wp\/v2\/posts\/563551\/revisions"}],"wp:featuredmedia":[{"embeddable":true,"href":"https:\/\/www.europesays.com\/fr\/wp-json\/wp\/v2\/media\/563552"}],"wp:attachment":[{"href":"https:\/\/www.europesays.com\/fr\/wp-json\/wp\/v2\/media?parent=563551"}],"wp:term":[{"taxonomy":"category","embeddable":true,"href":"https:\/\/www.europesays.com\/fr\/wp-json\/wp\/v2\/categories?post=563551"},{"taxonomy":"post_tag","embeddable":true,"href":"https:\/\/www.europesays.com\/fr\/wp-json\/wp\/v2\/tags?post=563551"}],"curies":[{"name":"wp","href":"https:\/\/api.w.org\/{rel}","templated":true}]}}