{"id":563553,"date":"2025-11-28T02:35:17","date_gmt":"2025-11-28T02:35:17","guid":{"rendered":"https:\/\/www.europesays.com\/fr\/563553\/"},"modified":"2025-11-28T02:35:17","modified_gmt":"2025-11-28T02:35:17","slug":"brest-les-compos-probables","status":"publish","type":"post","link":"https:\/\/www.europesays.com\/fr\/563553\/","title":{"rendered":"Brest : les compos probables"},"content":{"rendered":"<p>Battu par Lens le week-end dernier (1-0), Strasbourg a \u00e9t\u00e9 frein\u00e9 dans ses ambitions et se retrouve maintenant \u00e0 six points du podium et des Sang et Or. Les Alsaciens n&rsquo;ont pas le choix et vont devoir prendre les trois points \u00e0 domicile contre Brest. Mais les Brestois ont r\u00e9ussi \u00e0 renouer avec la victoire la semaine derni\u00e8re contre Metz et auront \u00e0 c\u0153ur de capitaliser sur ce succ\u00e8s. La rencontre sera \u00e0 suivre ce dimanche \u00e0 15h, sur Ligue 1+.<\/p>\n<p>Les compos probables<\/p>\n<p><strong>Strasbourg<\/strong> : Penders &#8211; Doukour\u00e9, Sarr, Chilwell &#8211; Dou\u00e9, El Mourabet, Amougou, Moreira &#8211; Enciso &#8211; Panichelli, Emegha<\/p>\n<p><strong>Brest<\/strong> : Coudert &#8211; Lala, Chardonnet, Junior Diaz, Guindo &#8211; Chotard, Magnetti &#8211; Del Castillo, Doumbia, Mboup &#8211; Ajorque<\/p>\n<p>\u00a0<\/p>\n<p>   Partagez cette info avec vos amis et vos proches en cliquant ici<br \/> Pour r\u00e9sumer<\/p>\n<p>Strasbourg, battu par Lens, doit r\u00e9agir pour rester au contact du podium. Les Alsaciens visent absolument trois points contre Brest, qui arrive revigor\u00e9 apr\u00e8s sa victoire face \u00e0 Metz. Duel important pour les deux \u00e9quipes, dimanche \u00e0 15h sur Ligue 1+.<\/p>\n<p>R\u00e9dacteur<\/p>\n<p><img decoding=\"async\" width=\"76\" height=\"76\" loading=\"lazy\" src=\"https:\/\/www.europesays.com\/fr\/wp-content\/uploads\/2025\/04\/avatar-onze.webp.webp\" alt=\"Nathan Bricout\"\/><\/p>\n","protected":false},"excerpt":{"rendered":"Battu par Lens le week-end dernier (1-0), Strasbourg a \u00e9t\u00e9 frein\u00e9 dans ses ambitions et se retrouve maintenant&hellip;\n","protected":false},"author":2,"featured_media":563554,"comment_status":"","ping_status":"","sticky":false,"template":"","format":"standard","meta":{"footnotes":""},"categories":[2820],"tags":[1111,11,1777,674,1011,27,775,66,12,25,640],"class_list":{"0":"post-563553","1":"post","2":"type-post","3":"status-publish","4":"format-standard","5":"has-post-thumbnail","7":"category-strasbourg","8":"tag-actu","9":"tag-actualites","10":"tag-eu","11":"tag-europe","12":"tag-fr","13":"tag-france","14":"tag-grand-est","15":"tag-ligue-1","16":"tag-news","17":"tag-republique-francaise","18":"tag-strasbourg"},"share_on_mastodon":{"url":"https:\/\/pubeurope.com\/@fr\/115624996242912656","error":""},"_links":{"self":[{"href":"https:\/\/www.europesays.com\/fr\/wp-json\/wp\/v2\/posts\/563553","targetHints":{"allow":["GET"]}}],"collection":[{"href":"https:\/\/www.europesays.com\/fr\/wp-json\/wp\/v2\/posts"}],"about":[{"href":"https:\/\/www.europesays.com\/fr\/wp-json\/wp\/v2\/types\/post"}],"author":[{"embeddable":true,"href":"https:\/\/www.europesays.com\/fr\/wp-json\/wp\/v2\/users\/2"}],"replies":[{"embeddable":true,"href":"https:\/\/www.europesays.com\/fr\/wp-json\/wp\/v2\/comments?post=563553"}],"version-history":[{"count":0,"href":"https:\/\/www.europesays.com\/fr\/wp-json\/wp\/v2\/posts\/563553\/revisions"}],"wp:featuredmedia":[{"embeddable":true,"href":"https:\/\/www.europesays.com\/fr\/wp-json\/wp\/v2\/media\/563554"}],"wp:attachment":[{"href":"https:\/\/www.europesays.com\/fr\/wp-json\/wp\/v2\/media?parent=563553"}],"wp:term":[{"taxonomy":"category","embeddable":true,"href":"https:\/\/www.europesays.com\/fr\/wp-json\/wp\/v2\/categories?post=563553"},{"taxonomy":"post_tag","embeddable":true,"href":"https:\/\/www.europesays.com\/fr\/wp-json\/wp\/v2\/tags?post=563553"}],"curies":[{"name":"wp","href":"https:\/\/api.w.org\/{rel}","templated":true}]}}