{"id":563555,"date":"2025-11-28T02:36:42","date_gmt":"2025-11-28T02:36:42","guid":{"rendered":"https:\/\/www.europesays.com\/fr\/563555\/"},"modified":"2025-11-28T02:36:42","modified_gmt":"2025-11-28T02:36:42","slug":"nice-un-incendie-se-declare-en-pleine-nuit-les-pompiers-interviennent-dans-ce-quartier","status":"publish","type":"post","link":"https:\/\/www.europesays.com\/fr\/563555\/","title":{"rendered":"Nice. Un incendie se d\u00e9clare en pleine nuit, les pompiers interviennent dans ce quartier"},"content":{"rendered":"<p>                    Par<br \/>\n        <strong><br \/>\n            <a href=\"https:\/\/actu.fr\/auteur\/ugo-maillard\" title=\"Consulter tous les articles de Ugo Maillard\" target=\"_blank\" rel=\"noopener\">Ugo Maillard<\/a><br \/>\n                    <\/strong><\/p>\n<p>        Publi\u00e9 le<\/p>\n<p>            27 nov. 2025 \u00e0 9h13        <\/p>\n<p>Il \u00e9tait aux alentours de 22\u2009h\u200930 ce mercredi\u00a026 novembre 2025, lorsque les sapeurs-pompiers des <a href=\"https:\/\/actu.fr\/provence-alpes-cote-d-azur\/alpes-maritimes_06\" target=\"_blank\" rel=\"noopener\">Alpes-Maritimes<\/a> sont intervenus pour un feu sur le boulevard du Mercantour \u00e0 l\u2019ouest de Nice.<\/p>\n<p>    <a href=\"https:\/\/www.google.com\/maps\/embed?pb=!1m18!1m12!1m3!1d36610.34233472173!2d7.17639422472767!3d43.73373888221351!2m3!1f0!2f0!3f0!3m2!1i1024!2i768!4f13.1!3m3!1m2!1s0x12cdce3f8d53b5fd%3A0x1a277f5f7e370b47!2sBd%20du%20Mercantour%2C%2006200%20Nice!5e0!3m2!1sfr!2sfr!4v1764230631404!5m2!1sfr!2sfr\" title=\"Ouvrie le lien\" target=\"_blank\" rel=\"noopener\">Cliquez ici pour visualiser le contenu<\/a><\/p>\n<p class=\" wall-content\">L\u2019<strong>incendie<\/strong> s\u2019est d\u00e9clar\u00e9 dans un <strong>garage automobile<\/strong>, ce qui a permis une rapide propagation des flammes avec plusieurs v\u00e9hicules incendi\u00e9s.<\/p>\n<p class=\" wall-content\">Environ 35 soldats du feu et 15 engins ont \u00e9t\u00e9 mobilis\u00e9s. Selon les \u00e9l\u00e9ments communiqu\u00e9s par les secours \u00e0 la r\u00e9daction d\u2019<a href=\"https:\/\/actu.fr\/nice\/\" target=\"_blank\" rel=\"noopener\">actu Nice<\/a>, il n\u2019y a pas de victime \u00e0 d\u00e9plorer.<\/p>\n<p>Le feu est ma\u00eetris\u00e9<\/p>\n<p class=\" wall-content\">En raison de la vigueur des flammes, plusieurs v\u00e9hicules ont \u00e9t\u00e9 br\u00fbl\u00e9s ou endommag\u00e9s ainsi que 2 locaux de 20 m\u00b2 qui ont eux \u00e9t\u00e9 d\u00e9truits.<\/p>\n<p class=\" wall-content\">Ce jeudi matin \u00e0 6h, les sapeurs-pompiers indiquent que le <strong>feu est \u00e9teint<\/strong> \u00ab\u2009apr\u00e8s avoir proc\u00e9d\u00e9 aux op\u00e9rations de d\u00e9blais, traitement des points chauds et effectu\u00e9 une ronde de contr\u00f4le\u2009\u00bb.<\/p>\n<p class=\" wall-content\">Personnalisez votre actualit\u00e9 en ajoutant vos villes et m\u00e9dias en favori avec <a href=\"https:\/\/moncompte.actu.fr\" title=\"D\u00e9couvez Mon Actu\" rel=\"nofollow noopener\" data-trk=\"{&quot;cta&quot;:{&quot;action&quot;:&quot;https:\\\/\\\/moncompte.actu.fr&quot;,&quot;category&quot;:&quot;mon compte&quot;,&quot;from&quot;:&quot;article footer&quot;,&quot;name&quot;:&quot;Mon actu&quot;,&quot;type&quot;:&quot;cta&quot;}}\" target=\"_blank\">Mon Actu<\/a>.<\/p>\n","protected":false},"excerpt":{"rendered":"Par Ugo Maillard Publi\u00e9 le 27 nov. 2025 \u00e0 9h13 Il \u00e9tait aux alentours de 22\u2009h\u200930 ce mercredi\u00a026&hellip;\n","protected":false},"author":2,"featured_media":563556,"comment_status":"","ping_status":"","sticky":false,"template":"","format":"standard","meta":{"footnotes":""},"categories":[2819],"tags":[1111,11,1777,674,118,1011,27,1310,12,2401,1311,882,25],"class_list":{"0":"post-563555","1":"post","2":"type-post","3":"status-publish","4":"format-standard","5":"has-post-thumbnail","7":"category-nice","8":"tag-actu","9":"tag-actualites","10":"tag-eu","11":"tag-europe","12":"tag-faits-divers","13":"tag-fr","14":"tag-france","15":"tag-incendie","16":"tag-news","17":"tag-nice","18":"tag-pompiers","19":"tag-provence-alpes-cote-dazur","20":"tag-republique-francaise"},"share_on_mastodon":{"url":"https:\/\/pubeurope.com\/@fr\/115625000446051969","error":""},"_links":{"self":[{"href":"https:\/\/www.europesays.com\/fr\/wp-json\/wp\/v2\/posts\/563555","targetHints":{"allow":["GET"]}}],"collection":[{"href":"https:\/\/www.europesays.com\/fr\/wp-json\/wp\/v2\/posts"}],"about":[{"href":"https:\/\/www.europesays.com\/fr\/wp-json\/wp\/v2\/types\/post"}],"author":[{"embeddable":true,"href":"https:\/\/www.europesays.com\/fr\/wp-json\/wp\/v2\/users\/2"}],"replies":[{"embeddable":true,"href":"https:\/\/www.europesays.com\/fr\/wp-json\/wp\/v2\/comments?post=563555"}],"version-history":[{"count":0,"href":"https:\/\/www.europesays.com\/fr\/wp-json\/wp\/v2\/posts\/563555\/revisions"}],"wp:featuredmedia":[{"embeddable":true,"href":"https:\/\/www.europesays.com\/fr\/wp-json\/wp\/v2\/media\/563556"}],"wp:attachment":[{"href":"https:\/\/www.europesays.com\/fr\/wp-json\/wp\/v2\/media?parent=563555"}],"wp:term":[{"taxonomy":"category","embeddable":true,"href":"https:\/\/www.europesays.com\/fr\/wp-json\/wp\/v2\/categories?post=563555"},{"taxonomy":"post_tag","embeddable":true,"href":"https:\/\/www.europesays.com\/fr\/wp-json\/wp\/v2\/tags?post=563555"}],"curies":[{"name":"wp","href":"https:\/\/api.w.org\/{rel}","templated":true}]}}