{"id":563557,"date":"2025-11-28T02:37:18","date_gmt":"2025-11-28T02:37:18","guid":{"rendered":"https:\/\/www.europesays.com\/fr\/563557\/"},"modified":"2025-11-28T02:37:18","modified_gmt":"2025-11-28T02:37:18","slug":"franck-haise-a-nice-cest-termine","status":"publish","type":"post","link":"https:\/\/www.europesays.com\/fr\/563557\/","title":{"rendered":"Franck Haise \u00e0 Nice, c&rsquo;est termin\u00e9 ?"},"content":{"rendered":"<p>L&rsquo;entra\u00eeneur de l&rsquo;OGC Nice est dans une<br \/>\nsituation critique apr\u00e8s le revers conc\u00e9d\u00e9 \u00e0 Porto, ce jeudi<br \/>\n(0-3).<\/p>\n<p>La saison de l\u2019<a href=\"https:\/\/www.football365.fr\/equipe\/nice-42412.shtml\" target=\"_blank\" rel=\"noopener\"><strong>OGC<br \/>\nNice<\/strong><\/a> est en train de prendre une tournure<br \/>\nparticuli\u00e8rement inqui\u00e9tante. Alors qu\u2019il reste sur une pente<br \/>\nglissante en Ligue 1 depuis un mois et demi, le club azur\u00e9en a<br \/>\nencore coul\u00e9 sur la sc\u00e8ne europ\u00e9enne, ce jeudi. Face \u00e0 un cador<br \/>\naussi rod\u00e9 \u00e0 ce niveau que le FC Porto, Nice ne se faisait pas<br \/>\nd\u2019illusion, mais la mani\u00e8re a interpell\u00e9, encore une fois.<\/p>\n<p>Les Aiglons n\u2019ont jamais exist\u00e9 dans ce match contre la<br \/>\nformation lusitanienne, conc\u00e9dant un revers sans appel au terme<br \/>\nd\u2019un match \u00e0 sens unique (0-3). Ce r\u00e9sultat devrait abr\u00e9ger les<br \/>\nsouffrances des Ni\u00e7ois en coupe d\u2019Europe puisque le club europ\u00e9en<br \/>\ndoit tirer un trait sur la perspective d\u2019un barrage. Et puis il y a<br \/>\ncette statistique honteuse, comme un fardeau : Nice reste sur 17<br \/>\nmatchs cons\u00e9cutifs sans le moindre succ\u00e8s en coupe d\u2019Europe.<\/p>\n<p>Haise a propos\u00e9 sa d\u00e9mission<\/p>\n<p>Dans ce contexte explosif, Franck Haise peut-il poursuivre sa<br \/>\nmission ? Arriv\u00e9 sur la C\u00f4te d\u2019Azur il y a un an et demi, l\u2019ancien<br \/>\ncoach du Racing Club de Lens semble \u00e0 court de solution. Ce jeudi<br \/>\nsoir, en conf\u00e9rence de presse, le technicien a m\u00eame avou\u00e9 avoir<br \/>\npr\u00e9sent\u00e9 sa d\u00e9mission apr\u00e8s la d\u00e9route en Ligue 1 contre l\u2019OM<br \/>\n(1-4). \u00ab\u00a0C\u2019est un m\u00e9tier passionnant, je me remets en<br \/>\ncause, oui. J\u2019ai propos\u00e9 \u00e0 mes dirigeants d\u2019\u00eatre l\u2019\u00e9lectrochoc<br \/>\napr\u00e8s Marseille, mais ce n\u2019\u00e9tait pas le moment, sinon je ne serais<br \/>\npas devant vous. Pas de d\u00e9mission non, mais j\u2019assume mes<br \/>\nresponsabilit\u00e9s. Prendre un but de cette mani\u00e8re-l\u00e0 dans le moment<br \/>\nqu\u2019on traverse, ce n\u2019est pas le meilleur moyen de d\u00e9marrer. On se<br \/>\nmet une balle dans le pied. Mais pas de d\u00e9couragement\u2026\u00a0\u00bb.<br \/>\nLe d\u00e9placement \u00e0 Lorient, dimanche (17h15), vaudra tr\u00e8s cher\u2026<\/p>\n<blockquote class=\"twitter-tweet\"><p><a class=\"twitter-link\" rel=\"noindex, nofollow noopener\" href=\"https:\/\/twitter.com\/ogcnice\/status\/1994130097234956548\" target=\"_blank\"><\/p><\/blockquote>\n<p><script async src=\"https:\/\/platform.twitter.com\/widgets.js\" charset=\"utf-8\"><\/script><\/p>\n","protected":false},"excerpt":{"rendered":"L&rsquo;entra\u00eeneur de l&rsquo;OGC Nice est dans une situation critique apr\u00e8s le revers conc\u00e9d\u00e9 \u00e0 Porto, ce jeudi (0-3).&hellip;\n","protected":false},"author":2,"featured_media":563558,"comment_status":"","ping_status":"","sticky":false,"template":"","format":"standard","meta":{"footnotes":""},"categories":[2819],"tags":[1111,11,1777,674,1011,27,12,2401,882,25],"class_list":{"0":"post-563557","1":"post","2":"type-post","3":"status-publish","4":"format-standard","5":"has-post-thumbnail","7":"category-nice","8":"tag-actu","9":"tag-actualites","10":"tag-eu","11":"tag-europe","12":"tag-fr","13":"tag-france","14":"tag-news","15":"tag-nice","16":"tag-provence-alpes-cote-dazur","17":"tag-republique-francaise"},"share_on_mastodon":{"url":"https:\/\/pubeurope.com\/@fr\/115625004533334486","error":""},"_links":{"self":[{"href":"https:\/\/www.europesays.com\/fr\/wp-json\/wp\/v2\/posts\/563557","targetHints":{"allow":["GET"]}}],"collection":[{"href":"https:\/\/www.europesays.com\/fr\/wp-json\/wp\/v2\/posts"}],"about":[{"href":"https:\/\/www.europesays.com\/fr\/wp-json\/wp\/v2\/types\/post"}],"author":[{"embeddable":true,"href":"https:\/\/www.europesays.com\/fr\/wp-json\/wp\/v2\/users\/2"}],"replies":[{"embeddable":true,"href":"https:\/\/www.europesays.com\/fr\/wp-json\/wp\/v2\/comments?post=563557"}],"version-history":[{"count":0,"href":"https:\/\/www.europesays.com\/fr\/wp-json\/wp\/v2\/posts\/563557\/revisions"}],"wp:featuredmedia":[{"embeddable":true,"href":"https:\/\/www.europesays.com\/fr\/wp-json\/wp\/v2\/media\/563558"}],"wp:attachment":[{"href":"https:\/\/www.europesays.com\/fr\/wp-json\/wp\/v2\/media?parent=563557"}],"wp:term":[{"taxonomy":"category","embeddable":true,"href":"https:\/\/www.europesays.com\/fr\/wp-json\/wp\/v2\/categories?post=563557"},{"taxonomy":"post_tag","embeddable":true,"href":"https:\/\/www.europesays.com\/fr\/wp-json\/wp\/v2\/tags?post=563557"}],"curies":[{"name":"wp","href":"https:\/\/api.w.org\/{rel}","templated":true}]}}