{"id":563559,"date":"2025-11-28T02:38:32","date_gmt":"2025-11-28T02:38:32","guid":{"rendered":"https:\/\/www.europesays.com\/fr\/563559\/"},"modified":"2025-11-28T02:38:32","modified_gmt":"2025-11-28T02:38:32","slug":"un-detenu-evade-de-rennes-a-ete-interpelle-a-nantes-par-la-brigade-de-recherches-et","status":"publish","type":"post","link":"https:\/\/www.europesays.com\/fr\/563559\/","title":{"rendered":"Un d\u00e9tenu \u00e9vad\u00e9 de Rennes a \u00e9t\u00e9 interpell\u00e9 \u00e0 Nantes par la brigade de recherches et"},"content":{"rendered":"<p>Il a \u00e9t\u00e9 interpell\u00e9, jeudi 27\u00a0novembre 2025, apr\u00e8s deux semaines de cavale, ainsi que l\u2019ont r\u00e9v\u00e9l\u00e9 nos confr\u00e8res de <a href=\"https:\/\/rennes.maville.com\/actu\/actudet_-info-ouest-france.-le-detenu-evade-de-la-prison-de-rennes-interpelle-a-nantes-_52674-7083109_actu.Htm\" target=\"_blank\" rel=\"noopener\"> Ouest France. <\/a><\/p>\n<p>\u00c9mile Siegler, 37\u00a0ans, a \u00e9t\u00e9 localis\u00e9 et appr\u00e9hend\u00e9 par les hommes de la <a href=\"https:\/\/nantes.maville.com\/actu\/actudet_-a-nantes-comme-ailleurs-en-france-les-policiers-d-elite-de-la-bri-demandent-plus-de-reconnaissance-_8-6792176_actu.Htm\" target=\"_self\" rel=\"noopener\">Brigade de recherches et d\u2019intervention de Nantes (BRI)<\/a> dans l\u2019apr\u00e8s-midi dans le camp de gens du voyage de la Clari\u00e8re, situ\u00e9 prairie de Mauves, \u00e0 Nantes, o\u00f9 d\u2019importants moyens avaient \u00e9t\u00e9 mobilis\u00e9s.<\/p>\n<p> <a href=\"https:\/\/nantes.maville.com\/actu\/actudet_-a-deux-pas-du-tribunal-de-nantes-le-suspect-attendait-les-policiers-de-la-bri-une-arme-a-la-main-_8-7071149_actu.Htm\" target=\"_self\" rel=\"noopener\">? \u00c0 LIRE AUSSI. \u00c0 deux pas du tribunal de Nantes, le suspect attendait les policiers de la BRI une arme \u00e0 la main<\/a> <\/p>\n<p>\u00c9vad\u00e9 lors d\u2019une sortie culturelle<\/p>\n<p>D\u00e9tenu du centre p\u00e9nitentiaire de Vezin-le-Coquet, le trentenaire, condamn\u00e9 \u00e0 plusieurs reprises dans des affaires d\u2019extorsion ou de vols par ruse, \u00e9tait introuvable depuis son \u00e9vasion lors d\u2019une permission de sortie culturelle accord\u00e9e \u00e0 Rennes (Ille-et-Vilaine) le vendredi 14\u00a0novembre 2025.<\/p>\n<p>L\u2019enqu\u00eate ouverte apr\u00e8s ces faits avait \u00e9t\u00e9 confi\u00e9e \u00e0 la Division de criminalit\u00e9 organis\u00e9e et sp\u00e9cialis\u00e9e (DCOS). Elle \u00e9tait supervis\u00e9e par le parquet de Rennes.<\/p>\n<p>\u00a0<\/p>\n","protected":false},"excerpt":{"rendered":"Il a \u00e9t\u00e9 interpell\u00e9, jeudi 27\u00a0novembre 2025, apr\u00e8s deux semaines de cavale, ainsi que l\u2019ont r\u00e9v\u00e9l\u00e9 nos confr\u00e8res&hellip;\n","protected":false},"author":2,"featured_media":563560,"comment_status":"","ping_status":"","sticky":false,"template":"","format":"standard","meta":{"footnotes":""},"categories":[2818],"tags":[1111,11,17434,9625,2883,1777,674,47912,1011,27,9817,19975,766,12,2636,10468,584,25],"class_list":{"0":"post-563559","1":"post","2":"type-post","3":"status-publish","4":"format-standard","5":"has-post-thumbnail","7":"category-nantes","8":"tag-actu","9":"tag-actualites","10":"tag-brigade","11":"tag-detenu","12":"tag-ete","13":"tag-eu","14":"tag-europe","15":"tag-evade","16":"tag-fr","17":"tag-france","18":"tag-interpelle","19":"tag-intervention","20":"tag-nantes","21":"tag-news","22":"tag-pays-de-la-loire","23":"tag-recherches","24":"tag-rennes","25":"tag-republique-francaise"},"share_on_mastodon":{"url":"https:\/\/pubeurope.com\/@fr\/115625007687218766","error":""},"_links":{"self":[{"href":"https:\/\/www.europesays.com\/fr\/wp-json\/wp\/v2\/posts\/563559","targetHints":{"allow":["GET"]}}],"collection":[{"href":"https:\/\/www.europesays.com\/fr\/wp-json\/wp\/v2\/posts"}],"about":[{"href":"https:\/\/www.europesays.com\/fr\/wp-json\/wp\/v2\/types\/post"}],"author":[{"embeddable":true,"href":"https:\/\/www.europesays.com\/fr\/wp-json\/wp\/v2\/users\/2"}],"replies":[{"embeddable":true,"href":"https:\/\/www.europesays.com\/fr\/wp-json\/wp\/v2\/comments?post=563559"}],"version-history":[{"count":0,"href":"https:\/\/www.europesays.com\/fr\/wp-json\/wp\/v2\/posts\/563559\/revisions"}],"wp:featuredmedia":[{"embeddable":true,"href":"https:\/\/www.europesays.com\/fr\/wp-json\/wp\/v2\/media\/563560"}],"wp:attachment":[{"href":"https:\/\/www.europesays.com\/fr\/wp-json\/wp\/v2\/media?parent=563559"}],"wp:term":[{"taxonomy":"category","embeddable":true,"href":"https:\/\/www.europesays.com\/fr\/wp-json\/wp\/v2\/categories?post=563559"},{"taxonomy":"post_tag","embeddable":true,"href":"https:\/\/www.europesays.com\/fr\/wp-json\/wp\/v2\/tags?post=563559"}],"curies":[{"name":"wp","href":"https:\/\/api.w.org\/{rel}","templated":true}]}}