{"id":563561,"date":"2025-11-28T02:40:38","date_gmt":"2025-11-28T02:40:38","guid":{"rendered":"https:\/\/www.europesays.com\/fr\/563561\/"},"modified":"2025-11-28T02:40:38","modified_gmt":"2025-11-28T02:40:38","slug":"le-detenu-evade-lors-dune-sortie-au-planetarium-a-rennes-interpelle-a-nantes","status":"publish","type":"post","link":"https:\/\/www.europesays.com\/fr\/563561\/","title":{"rendered":"Le d\u00e9tenu, \u00e9vad\u00e9 lors d\u2019une sortie au plan\u00e9tarium \u00e0 Rennes, interpell\u00e9 \u00e0 Nantes"},"content":{"rendered":"<p>Un d\u00e9tenu de la prison de Rennes-V\u00e9zin, <a target=\"_self\" href=\"https:\/\/www.lanouvellerepublique.fr\/a-la-une\/apres-l-evasion-d-un-detenu-lors-d-une-sortie-au-planetarium-le-directeur-de-la-prison-de-rennes-demis-de-ses-fonctions-1763718458\" rel=\"noopener\">qui s\u2019\u00e9tait \u00e9vad\u00e9 lors d\u2019une sortie collective<\/a> le 14\u00a0novembre 2025 au plan\u00e9tarium de la ville bretonne, a \u00e9t\u00e9 interpell\u00e9 jeudi 27\u00a0novembre \u00e0 Nantes (Loire-Atlantique), a indiqu\u00e9 une source proche du dossier.<\/p>\n<p>L\u2019homme de 37\u00a0ans, condamn\u00e9 pour des faits de vols, a \u00e9t\u00e9 interpell\u00e9 par les hommes de la BRI dans un camp de gens du voyage vers 14\u00a0h\u00a030, a indiqu\u00e9 cette source, confirmant une information du quotidien <a target=\"_self\" href=\"https:\/\/www.ouest-france.fr\/societe\/faits-divers\/info-ouest-france-levade-de-la-prison-de-rennes-interpelle-a-nantes-29277e2e-cb9a-11f0-a0e6-83b9718ad3c0\" rel=\"noopener\">Ouest-France<\/a>.\u00a0Il fait partie de la communaut\u00e9 des gens du voyage, a pr\u00e9cis\u00e9 une autre source proche de l\u2019enqu\u00eate. Un second homme vis\u00e9 par un mandat de recherche a \u00e9galement \u00e9t\u00e9 interpell\u00e9, selon la m\u00eame source.<\/p>\n<p>\u00c9vasion sans violence<\/p>\n<p>Le d\u00e9tenu, incarc\u00e9r\u00e9 au centre p\u00e9nitentiaire de Rennes-V\u00e9zin, participait \u00e0 une sortie au plan\u00e9tarium avec d\u2019autres prisonniers quand il a \u00e9chapp\u00e9 \u00e0 la vigilance des personnes charg\u00e9es de les encadrer. L\u2019\u00e9vasion de cet homme de 37\u00a0ans, condamn\u00e9 depuis d\u00e9cembre\u00a02024 pour \u00ab\u00a0divers faits de vols\u00a0\u00bb, \u00e9tait survenue \u00ab\u00a0sans violence\u00a0\u00bb, avait indiqu\u00e9 le 17\u00a0novembre le procureur de la R\u00e9publique de Rennes, Fr\u00e9d\u00e9ric Teillet.<\/p>\n<p>Le directeur de la prison de Rennes avait \u00e9t\u00e9 d\u00e9mis de ses fonctions quelques jours plus tard par G\u00e9rald Darmanin, suscitant \u00ab\u00a0l\u2019indignation\u00a0\u00bb et \u00ab\u00a0l\u2019incompr\u00e9hension\u00a0\u00bb du Syndicat national des directeurs p\u00e9nitentiaires (SNDP-CFDT). Le d\u00e9tenu en fuite comptabilisait \u00ab\u00a0au moins\u00a0\u00bb trois pr\u00e9c\u00e9dentes \u00e9vasions depuis 2009, selon le journal Le Parisien.<\/p>\n<p><a target=\"_self\" href=\"https:\/\/www.lanouvellerepublique.fr\/a-la-une\/deux-detenus-s-evadent-de-la-prison-de-dijon-en-sciant-les-barreaux-de-leur-cellule-1764233792\" rel=\"noopener\">Deux d\u00e9tenus se sont par ailleurs \u00e9vad\u00e9s dans la nuit de mercredi \u00e0 jeudi de la v\u00e9tuste prison de Dijon<\/a> apr\u00e8s avoir eu raison des barreaux de leur cellule avec une simple lame de scie \u00e0 m\u00e9taux puis en utilisant des draps.<\/p>\n","protected":false},"excerpt":{"rendered":"Un d\u00e9tenu de la prison de Rennes-V\u00e9zin, qui s\u2019\u00e9tait \u00e9vad\u00e9 lors d\u2019une sortie collective le 14\u00a0novembre 2025 au&hellip;\n","protected":false},"author":2,"featured_media":563562,"comment_status":"","ping_status":"","sticky":false,"template":"","format":"standard","meta":{"footnotes":""},"categories":[2818],"tags":[328,1392,1111,11,1777,674,274,1011,27,329,303,3047,766,12,2636,25],"class_list":{"0":"post-563561","1":"post","2":"type-post","3":"status-publish","4":"format-standard","5":"has-post-thumbnail","7":"category-nantes","8":"tag-a-la-une","9":"tag-a-la-une-local","10":"tag-actu","11":"tag-actualites","12":"tag-eu","13":"tag-europe","14":"tag-faits-divers-justice","15":"tag-fr","16":"tag-france","17":"tag-france-monde","18":"tag-justice","19":"tag-loire-atlantique","20":"tag-nantes","21":"tag-news","22":"tag-pays-de-la-loire","23":"tag-republique-francaise"},"share_on_mastodon":{"url":"https:\/\/pubeurope.com\/@fr\/115625015581243971","error":""},"_links":{"self":[{"href":"https:\/\/www.europesays.com\/fr\/wp-json\/wp\/v2\/posts\/563561","targetHints":{"allow":["GET"]}}],"collection":[{"href":"https:\/\/www.europesays.com\/fr\/wp-json\/wp\/v2\/posts"}],"about":[{"href":"https:\/\/www.europesays.com\/fr\/wp-json\/wp\/v2\/types\/post"}],"author":[{"embeddable":true,"href":"https:\/\/www.europesays.com\/fr\/wp-json\/wp\/v2\/users\/2"}],"replies":[{"embeddable":true,"href":"https:\/\/www.europesays.com\/fr\/wp-json\/wp\/v2\/comments?post=563561"}],"version-history":[{"count":0,"href":"https:\/\/www.europesays.com\/fr\/wp-json\/wp\/v2\/posts\/563561\/revisions"}],"wp:featuredmedia":[{"embeddable":true,"href":"https:\/\/www.europesays.com\/fr\/wp-json\/wp\/v2\/media\/563562"}],"wp:attachment":[{"href":"https:\/\/www.europesays.com\/fr\/wp-json\/wp\/v2\/media?parent=563561"}],"wp:term":[{"taxonomy":"category","embeddable":true,"href":"https:\/\/www.europesays.com\/fr\/wp-json\/wp\/v2\/categories?post=563561"},{"taxonomy":"post_tag","embeddable":true,"href":"https:\/\/www.europesays.com\/fr\/wp-json\/wp\/v2\/tags?post=563561"}],"curies":[{"name":"wp","href":"https:\/\/api.w.org\/{rel}","templated":true}]}}