{"id":563563,"date":"2025-11-28T02:42:19","date_gmt":"2025-11-28T02:42:19","guid":{"rendered":"https:\/\/www.europesays.com\/fr\/563563\/"},"modified":"2025-11-28T02:42:19","modified_gmt":"2025-11-28T02:42:19","slug":"bordeaux-carrefour-strategique-pour-transformer-lessai-entre-hopitaux-et-healthtech","status":"publish","type":"post","link":"https:\/\/www.europesays.com\/fr\/563563\/","title":{"rendered":"Bordeaux, carrefour strat\u00e9gique pour transformer l&rsquo;essai entre H\u00f4pitaux et HealthTech"},"content":{"rendered":"<p>\n\t\t\t\t\t\t\t\t\tL&rsquo;h\u00f4pital de Bordeaux accueillera les directeurs de CHU pour deux jours de r\u00e9flexion sur l&rsquo;innovation en sant\u00e9. Cr\u00e9dit : M. F \/ AFP\n\t\t\t\t\t\t\t\t<\/p>\n<p>Les 8 et 9 d\u00e9cembre, Bordeaux accueille la 4\u00e8me \u00e9dition du \u00ab CHU Healthtech Connexion Day \u00bb. Ce rendez-vous annuel vise \u00e0 lever les verrous qui freinent encore l&rsquo;int\u00e9gration massive des innovations technologiques au sein des h\u00f4pitaux publics.<\/p>\n<p>Pendant deux jours, la capitale girondine va r\u00e9unir deux mondes qui ont besoin l&rsquo;un de l&rsquo;autre, mais qui peinent parfois \u00e0 se comprendre : d&rsquo;un c\u00f4t\u00e9, la dynamique fili\u00e8re HealthTech fran\u00e7aise (startups, PME), riche en solutions num\u00e9riques, IA et dispositifs m\u00e9dicaux; de l&rsquo;autre, les Centres Hospitaliers Universitaires (CHU), confront\u00e9s \u00e0 des d\u00e9fis majeurs d&rsquo;organisation et de prise en charge des patients.  <\/p>\n<p>L&rsquo;\u00e9v\u00e9nement bordelais s&rsquo;inscrit dans une d\u00e9marche de rapprochement entre deux acteurs du syst\u00e8me de sant\u00e9 : d&rsquo;une part, les entreprises technologiques (startups, PME sp\u00e9cialis\u00e9es dans le num\u00e9rique ou les dispositifs m\u00e9dicaux) et d&rsquo;autre part, les Centres Hospitaliers Universitaires (CHU). Le th\u00e8me retenu pour cette \u00e9dition 2025 est \u00ab CHU et HealthTech : comment poursuivre le d\u00e9ploiement de l\u2019innovation au c\u0153ur des \u00e9tablissements hospitaliers ? \u00bb. L&rsquo;objectif est d&rsquo;analyser les processus permettant de passer de la phase de d\u00e9veloppement d&rsquo;une solution \u00e0 son int\u00e9gration effective et p\u00e9renne dans les services hospitaliers.  <\/p>\n<p>D\u00e9passer le stade de l&rsquo;exp\u00e9rimentation<\/p>\n<p>La France ne manque pas d&rsquo;inventeurs, mais le passage de la preuve de concept \u00e0 l&rsquo;industrialisation et \u00e0 l&rsquo;achat p\u00e9renne par les h\u00f4pitaux reste un parcours du combattant. Barri\u00e8res r\u00e9glementaires, complexit\u00e9 des circuits de d\u00e9cision, mod\u00e8les \u00e9conomiques \u00e0 trouver : l&rsquo;\u00e9v\u00e9nement bordelais entend apporter des r\u00e9ponses concr\u00e8tes pour acc\u00e9l\u00e9rer ce \u00ab\u00a0Time-to-Market\u00a0\u00bb hospitalier.  <\/p>\n<p>Le programme de ces deux journ\u00e9es est structur\u00e9 pour favoriser les synergies op\u00e9rationnelles. Au-del\u00e0 des s\u00e9ances pl\u00e9ni\u00e8res fixant le cadre strat\u00e9gique, l&rsquo;\u00e9v\u00e9nement fait la part belle aux ateliers pratiques. Des th\u00e9matiques cruciales pour les entreprises de la HealthTech seront abord\u00e9es : d\u00e9cryptage des m\u00e9canismes d&rsquo;acc\u00e8s au march\u00e9 et de remboursement, strat\u00e9gies de financement, ou encore le r\u00f4le cl\u00e9 des tiers-lieux d&rsquo;exp\u00e9rimentation pour tester les solutions en conditions r\u00e9elles.  <\/p>\n<p>Un programme ax\u00e9 sur le pragmatisme et le business  <\/p>\n<p>Vincent-Nicolas Delpech, directeur g\u00e9n\u00e9ral, CHU de Bordeaux, ouvrira ces deux jours. La pl\u00e9ni\u00e8re d\u2019ouverture dressera le panorama avec une prise de hauteur cross-secteurs sur les grandes dynamiques de l\u2019innovation, et le lien entre excellence scientifique et tissu industriel, avec un focus particulier sur le secteur de la sant\u00e9.  <\/p>\n<p>Lors de la deuxi\u00e8me journ\u00e9e, mardi 9 d\u00e9cembre, ateliers et tables-rondes exploreront notamment comment l\u2019innovation transforme durablement l\u2019organisation des soins, quelles sont les \u00e9tapes pour la mettre en place. Elle abordera \u00e9galement les questions d&rsquo;autonomie et de cybers\u00e9curit\u00e9.   <\/p>\n<p>Le \u00ab CHU Healthtech Connexion Day \u00bb est avant tout un acc\u00e9l\u00e9rateur de business. Des sessions de pitchs permettront aux startups les plus prometteuses de pr\u00e9senter leurs solutions devant un parterre de d\u00e9cideurs hospitaliers, d&rsquo;investisseurs et d&rsquo;institutionnels. Surtout, des temps d\u00e9di\u00e9s aux rendez-vous B2B qualifi\u00e9s offriront l&rsquo;opportunit\u00e9 d&rsquo;initier des partenariats directs entre fournisseurs de technologies et directions d&rsquo;\u00e9tablissements de soins. Pour la fili\u00e8re sant\u00e9 n\u00e9o-aquitaine et nationale, c&rsquo;est l&rsquo;occasion de transformer l&rsquo;innovation technologique en r\u00e9alit\u00e9 clinique.  <\/p>\n","protected":false},"excerpt":{"rendered":"L&rsquo;h\u00f4pital de Bordeaux accueillera les directeurs de CHU pour deux jours de r\u00e9flexion sur l&rsquo;innovation en sant\u00e9. Cr\u00e9dit&hellip;\n","protected":false},"author":2,"featured_media":563564,"comment_status":"","ping_status":"","sticky":false,"template":"","format":"standard","meta":{"footnotes":""},"categories":[2817],"tags":[1111,11,1997,1777,674,1011,27,12,2219,5645,25],"class_list":{"0":"post-563563","1":"post","2":"type-post","3":"status-publish","4":"format-standard","5":"has-post-thumbnail","7":"category-bordeaux","8":"tag-actu","9":"tag-actualites","10":"tag-bordeaux","11":"tag-eu","12":"tag-europe","13":"tag-fr","14":"tag-france","15":"tag-news","16":"tag-nouvelle-aquitaine","17":"tag-placco-placeco","18":"tag-republique-francaise"},"share_on_mastodon":{"url":"https:\/\/pubeurope.com\/@fr\/115625023488051211","error":""},"_links":{"self":[{"href":"https:\/\/www.europesays.com\/fr\/wp-json\/wp\/v2\/posts\/563563","targetHints":{"allow":["GET"]}}],"collection":[{"href":"https:\/\/www.europesays.com\/fr\/wp-json\/wp\/v2\/posts"}],"about":[{"href":"https:\/\/www.europesays.com\/fr\/wp-json\/wp\/v2\/types\/post"}],"author":[{"embeddable":true,"href":"https:\/\/www.europesays.com\/fr\/wp-json\/wp\/v2\/users\/2"}],"replies":[{"embeddable":true,"href":"https:\/\/www.europesays.com\/fr\/wp-json\/wp\/v2\/comments?post=563563"}],"version-history":[{"count":0,"href":"https:\/\/www.europesays.com\/fr\/wp-json\/wp\/v2\/posts\/563563\/revisions"}],"wp:featuredmedia":[{"embeddable":true,"href":"https:\/\/www.europesays.com\/fr\/wp-json\/wp\/v2\/media\/563564"}],"wp:attachment":[{"href":"https:\/\/www.europesays.com\/fr\/wp-json\/wp\/v2\/media?parent=563563"}],"wp:term":[{"taxonomy":"category","embeddable":true,"href":"https:\/\/www.europesays.com\/fr\/wp-json\/wp\/v2\/categories?post=563563"},{"taxonomy":"post_tag","embeddable":true,"href":"https:\/\/www.europesays.com\/fr\/wp-json\/wp\/v2\/tags?post=563563"}],"curies":[{"name":"wp","href":"https:\/\/api.w.org\/{rel}","templated":true}]}}