{"id":563565,"date":"2025-11-28T02:43:19","date_gmt":"2025-11-28T02:43:19","guid":{"rendered":"https:\/\/www.europesays.com\/fr\/563565\/"},"modified":"2025-11-28T02:43:19","modified_gmt":"2025-11-28T02:43:19","slug":"comment-cameron-woki-est-il-aussi-vite-redevenu-indispensable","status":"publish","type":"post","link":"https:\/\/www.europesays.com\/fr\/563565\/","title":{"rendered":"Comment Cameron Woki est-il aussi vite (re)devenu indispensable\u00a0?"},"content":{"rendered":"<p>Cette r\u00e9gularit\u00e9 dans l\u2019\u00e9quipe de d\u00e9part traduit l\u2019importance qu\u2019a pris le troisi\u00e8me ligne de 27\u00a0ans, revenu dans le club de ses d\u00e9buts en professionnel l\u2019\u00e9t\u00e9 dernier apr\u00e8s trois saisons au Racing 92. L\u2019UBB devait absolument pallier le d\u00e9part de Guido Petti aux Harlequins pour continuer d\u2019exister en touche. Woki a \u00e9t\u00e9 imm\u00e9diatement d\u00e9sign\u00e9 capitaine de l\u2019alignement et le pari est pour l\u2019instant gagnant. Avec vingt ballons vol\u00e9s cette saison, le contre bordelais n\u2019est devanc\u00e9 que par Toulon (21).<\/p>\n<p>De retour \u00e0 Marcoussis<\/p>\n<p>Woki, essentiellement utilis\u00e9 en troisi\u00e8me ligne aile et au leadership plus affirm\u00e9, a eu une mise en route \u00e0 l\u2019image de l\u2019\u00e9quipe, souffreteuse et irr\u00e9guli\u00e8re. Mais depuis deux mois, il r\u00e9alise la saison esp\u00e9r\u00e9e\u00a0: <a href=\"https:\/\/www.sudouest.fr\/sport\/rugby\/bordeaux-begles\/union-bordeaux-begles-guidee-par-woki-et-renforcee-par-coleman-la-touche-de-l-ubb-prend-sa-dose-de-confiance-26391926.php%2A\" target=\"_blank\" rel=\"follow noopener\">tr\u00e8s pr\u00e9cieux en conqu\u00eate a\u00e9rienne<\/a>, habile de ses mains, volontiers coureur pr\u00e8s de la ligne de touche pour mettre son \u00e9quipe dans l\u2019avanc\u00e9e. Vendredi dernier face \u00e0 Pau (33-34), il a encore parcouru 58 m\u00e8tres ballon en main et inscrit son premier essai.<\/p>\n<p>Il n\u2019en est pas encore au point de d\u00e9tacher pour de bon l\u2019\u00e9tiquette qui lui colle aux basques, celle d\u2019un joueur que l\u2019on voit beaucoup dans les zones qui brillent (la touche, en bout de ligne), un peu moins dans les t\u00e2ches plus obscures o\u00f9 les avants sont attendus pour d\u00e9blayer, soutenir, faire tomber. Ses donn\u00e9es GPS montrent d\u2019ailleurs qu\u2019il passe un peu trop de temps \u00e0\u2026 marcher. Mais avec 91\u00a0% de plaquages r\u00e9ussis, il reste globalement fiable en d\u00e9fense, \u00e0 l\u2019image de son 8\/8 face \u00e0 la Section.<\/p>\n<p>\u00ab\u00a0Les titres plut\u00f4t que l\u2019argent\u00a0\u00bb<\/p>\n<p>C\u2019est ainsi que cet automne, apr\u00e8s avoir disput\u00e9 la tourn\u00e9e en Nouvelle-Z\u00e9lande avec une \u00e9quipe de France remani\u00e9e (trois entr\u00e9es en jeu pour grimper \u00e0 33 s\u00e9lections), il a pris le chemin de Marcoussis. Woki a figur\u00e9 dans le groupe de 42 joueurs pour chacun des trois matchs des Bleus. Il n\u2019a pas \u00e9t\u00e9 retenu dans les 23, n\u2019a pas cach\u00e9 sa frustration de ne pas jouer face aux Fidji \u00e0 Bordeaux, mais au moins a-t-il eu la preuve que la porte n\u2019\u00e9tait pas ferm\u00e9e, en d\u00e9pit d\u2019une \u00e9norme concurrence.<\/p>\n<p>Un signe de plus que son retour \u00e0 Bordeaux \u00e9tait une bonne strat\u00e9gie. Titulaire mais peu tranchant au Racing, il avait disparu du groupe lors du dernier Tournoi des Six-Nations qu\u2019il avait suivi \u00e0 la t\u00e9l\u00e9. Coupl\u00e9 \u00e0 des raisons personnelles, cela a aliment\u00e9 son d\u00e9sir de rentrer au bercail. \u00ab\u00a0Je pr\u00e9f\u00e9rais gagner des titres que gagner de l\u2019argent\u00a0\u00bb, a-t-il expliqu\u00e9 \u00e0 Canal+. Jacky Lorenzetti, le patron du club francilien, en a bien pris note\u2026<\/p>\n<p>Pour revenir \u00e0 l\u2019UBB, qui a vers\u00e9 une indemnit\u00e9 pour racheter sa derni\u00e8re ann\u00e9e de contrat, Woki n\u2019a pas divis\u00e9 son salaire par deux, mais presque. Cela a aid\u00e9 \u00e0 convaincre Laurent Marti. Les rep\u00e8res ont vite \u00e9t\u00e9 retrouv\u00e9s, les amis aussi, dont le meilleur d\u2019entre eux, Matthieu Jalibert. Avec le manager Yannick Bru, le contact est vite et bien pass\u00e9. Une relation de confiance qui contribue \u00e0 faire de Woki un joueur incontournable. Comme au bon vieux temps.<\/p>\n<p>Le match<\/p>\n","protected":false},"excerpt":{"rendered":"Cette r\u00e9gularit\u00e9 dans l\u2019\u00e9quipe de d\u00e9part traduit l\u2019importance qu\u2019a pris le troisi\u00e8me ligne de 27\u00a0ans, revenu dans le&hellip;\n","protected":false},"author":2,"featured_media":563566,"comment_status":"","ping_status":"","sticky":false,"template":"","format":"standard","meta":{"footnotes":""},"categories":[2817],"tags":[1111,11,1997,1777,674,1011,27,12,2219,25],"class_list":{"0":"post-563565","1":"post","2":"type-post","3":"status-publish","4":"format-standard","5":"has-post-thumbnail","7":"category-bordeaux","8":"tag-actu","9":"tag-actualites","10":"tag-bordeaux","11":"tag-eu","12":"tag-europe","13":"tag-fr","14":"tag-france","15":"tag-news","16":"tag-nouvelle-aquitaine","17":"tag-republique-francaise"},"share_on_mastodon":{"url":"https:\/\/pubeurope.com\/@fr\/115625027518629301","error":""},"_links":{"self":[{"href":"https:\/\/www.europesays.com\/fr\/wp-json\/wp\/v2\/posts\/563565","targetHints":{"allow":["GET"]}}],"collection":[{"href":"https:\/\/www.europesays.com\/fr\/wp-json\/wp\/v2\/posts"}],"about":[{"href":"https:\/\/www.europesays.com\/fr\/wp-json\/wp\/v2\/types\/post"}],"author":[{"embeddable":true,"href":"https:\/\/www.europesays.com\/fr\/wp-json\/wp\/v2\/users\/2"}],"replies":[{"embeddable":true,"href":"https:\/\/www.europesays.com\/fr\/wp-json\/wp\/v2\/comments?post=563565"}],"version-history":[{"count":0,"href":"https:\/\/www.europesays.com\/fr\/wp-json\/wp\/v2\/posts\/563565\/revisions"}],"wp:featuredmedia":[{"embeddable":true,"href":"https:\/\/www.europesays.com\/fr\/wp-json\/wp\/v2\/media\/563566"}],"wp:attachment":[{"href":"https:\/\/www.europesays.com\/fr\/wp-json\/wp\/v2\/media?parent=563565"}],"wp:term":[{"taxonomy":"category","embeddable":true,"href":"https:\/\/www.europesays.com\/fr\/wp-json\/wp\/v2\/categories?post=563565"},{"taxonomy":"post_tag","embeddable":true,"href":"https:\/\/www.europesays.com\/fr\/wp-json\/wp\/v2\/tags?post=563565"}],"curies":[{"name":"wp","href":"https:\/\/api.w.org\/{rel}","templated":true}]}}