{"id":563569,"date":"2025-11-28T02:45:23","date_gmt":"2025-11-28T02:45:23","guid":{"rendered":"https:\/\/www.europesays.com\/fr\/563569\/"},"modified":"2025-11-28T02:45:23","modified_gmt":"2025-11-28T02:45:23","slug":"cest-parti-pour-le-marche-de-noel-de-la-place-du-capitole","status":"publish","type":"post","link":"https:\/\/www.europesays.com\/fr\/563569\/","title":{"rendered":"c&rsquo;est parti pour le march\u00e9 de No\u00ebl de la place du Capitole\u00a0!"},"content":{"rendered":"<p>                    Par<br \/>\n        <strong><br \/>\n            <a href=\"https:\/\/actu.fr\/auteur\/mareva-laville-actu-fr\" title=\"Consulter tous les articles de Mar\u00e9va Laville\" target=\"_blank\" rel=\"noopener\">Mar\u00e9va Laville<\/a><br \/>\n                    <\/strong><\/p>\n<p>        Publi\u00e9 le<\/p>\n<p>            27 nov. 2025 \u00e0 18h44        <\/p>\n<p>Jour J <a href=\"https:\/\/actu.fr\/occitanie\/toulouse_31555\/foret-de-sapins-marches-parades-patinoire-voici-neuf-facons-de-vivre-la-magie-de-noel-a-toulouse_63482033.html\" target=\"_blank\" rel=\"noopener\">pour le march\u00e9 de No\u00ebl de la place du Capitole<\/a> \u00e0 <a href=\"https:\/\/actu.fr\/toulouse\/\" target=\"_blank\" rel=\"noopener\">Toulouse<\/a>. Et c\u2019est toujours un aussi grand succ\u00e8s !<\/p>\n<p>File d\u2019attente aux chocolats chauds !<\/p>\n<p class=\" wall-content\">Ce jeudi 27 novembre 2025, 17h30, alors que la nuit commence \u00e0 tomber, les Toulousains fra\u00eechement sortis du travail ont pris la direction du march\u00e9.<\/p>\n<p class=\" wall-content\">En famille, en couple ou entre amis, jeunes et moins jeunes testent d\u00e9j\u00e0 les divers vin chaud, aligot (oui, d\u00e9j\u00e0 !) sandwich, bretzel et autres gourmandises. En t\u00e9moigne la file d\u2019attente pour les chocolats chauds !<\/p>\n<p>    <img   decoding=\"async\" loading=\"lazy\" src=\"https:\/\/www.europesays.com\/fr\/wp-content\/uploads\/2025\/11\/noel-toulouse-2025-ml7-960x640.jpg\" alt=\"Il y a d\u00e9j\u00e0 du monde \u00e0 la patinoire.\" width=\"960\" height=\"640\"\/><br \/>\n    Il y a d\u00e9j\u00e0 du monde \u00e0 la patinoire. (\u00a9M.L.\/Actu toulouse)94 chalets<\/p>\n<p class=\" wall-content\">Les premiers curieux font le tour des quelque 94 chalets m\u00ealant art, d\u00e9co, confiseries et artisanat. Quand les plus actifs s\u2019essaient d\u00e9j\u00e0 \u00e0 la patinoire ou aux sensations du man\u00e8ge pour enfants.<\/p>\n<p class=\" wall-content\">Le march\u00e9 restera ouvert jusqu\u2019au 28 d\u00e9cembre, tous les jours de 10h30 \u00e0 21h (et 22h le vendredi et samedi).<\/p>\n<p>Vid\u00e9os : en ce moment sur Actu<\/p>\n<p class=\" wall-content\"><strong>En vid\u00e9o :<\/strong><\/p>\n<p class=\" wall-content\"><a href=\"https:\/\/www.instagram.com\/p\/DRkYPw4DHgQ\/embed\" title=\"Ouvrir le lien sur Instagram\" target=\"_blank\" rel=\"noopener\">Visualiser le contenu sur Instagram<\/a><\/p>\n<p class=\" wall-content\"><strong>En images :<\/strong><\/p>\n<p class=\" wall-content\">Personnalisez votre actualit\u00e9 en ajoutant vos villes et m\u00e9dias en favori avec <a href=\"https:\/\/moncompte.actu.fr\" title=\"D\u00e9couvez Mon Actu\" rel=\"nofollow noopener\" data-trk=\"{&quot;cta&quot;:{&quot;action&quot;:&quot;https:\\\/\\\/moncompte.actu.fr&quot;,&quot;category&quot;:&quot;mon compte&quot;,&quot;from&quot;:&quot;article footer&quot;,&quot;name&quot;:&quot;Mon actu&quot;,&quot;type&quot;:&quot;cta&quot;}}\" target=\"_blank\">Mon Actu<\/a>.<\/p>\n<p>                    <script async src=\"\/\/www.instagram.com\/embed.js\"><\/script><\/p>\n","protected":false},"excerpt":{"rendered":"Par Mar\u00e9va Laville Publi\u00e9 le 27 nov. 2025 \u00e0 18h44 Jour J pour le march\u00e9 de No\u00ebl de&hellip;\n","protected":false},"author":2,"featured_media":563570,"comment_status":"","ping_status":"","sticky":false,"template":"","format":"standard","meta":{"footnotes":""},"categories":[2816],"tags":[1111,11,1777,674,1011,27,1652,12,15830,2680,25,1341,2312],"class_list":{"0":"post-563569","1":"post","2":"type-post","3":"status-publish","4":"format-standard","5":"has-post-thumbnail","7":"category-toulouse","8":"tag-actu","9":"tag-actualites","10":"tag-eu","11":"tag-europe","12":"tag-fr","13":"tag-france","14":"tag-loisirs-culture","15":"tag-news","16":"tag-noel","17":"tag-occitanie","18":"tag-republique-francaise","19":"tag-sortir-a-toulouse","20":"tag-toulouse"},"share_on_mastodon":{"url":"https:\/\/pubeurope.com\/@fr\/115625035766064595","error":""},"_links":{"self":[{"href":"https:\/\/www.europesays.com\/fr\/wp-json\/wp\/v2\/posts\/563569","targetHints":{"allow":["GET"]}}],"collection":[{"href":"https:\/\/www.europesays.com\/fr\/wp-json\/wp\/v2\/posts"}],"about":[{"href":"https:\/\/www.europesays.com\/fr\/wp-json\/wp\/v2\/types\/post"}],"author":[{"embeddable":true,"href":"https:\/\/www.europesays.com\/fr\/wp-json\/wp\/v2\/users\/2"}],"replies":[{"embeddable":true,"href":"https:\/\/www.europesays.com\/fr\/wp-json\/wp\/v2\/comments?post=563569"}],"version-history":[{"count":0,"href":"https:\/\/www.europesays.com\/fr\/wp-json\/wp\/v2\/posts\/563569\/revisions"}],"wp:featuredmedia":[{"embeddable":true,"href":"https:\/\/www.europesays.com\/fr\/wp-json\/wp\/v2\/media\/563570"}],"wp:attachment":[{"href":"https:\/\/www.europesays.com\/fr\/wp-json\/wp\/v2\/media?parent=563569"}],"wp:term":[{"taxonomy":"category","embeddable":true,"href":"https:\/\/www.europesays.com\/fr\/wp-json\/wp\/v2\/categories?post=563569"},{"taxonomy":"post_tag","embeddable":true,"href":"https:\/\/www.europesays.com\/fr\/wp-json\/wp\/v2\/tags?post=563569"}],"curies":[{"name":"wp","href":"https:\/\/api.w.org\/{rel}","templated":true}]}}