{"id":563574,"date":"2025-11-28T02:49:19","date_gmt":"2025-11-28T02:49:19","guid":{"rendered":"https:\/\/www.europesays.com\/fr\/563574\/"},"modified":"2025-11-28T02:49:19","modified_gmt":"2025-11-28T02:49:19","slug":"orange-ferme-son-site-a-marseille-temporairement-a-la-suite-de-tensions-dans-le-quartier","status":"publish","type":"post","link":"https:\/\/www.europesays.com\/fr\/563574\/","title":{"rendered":"Orange ferme son site \u00e0 Marseille temporairement \u00e0 la suite de \u00abtensions\u00bb dans le quartier"},"content":{"rendered":"<p>\n    D\u00e9crivant des \u00ab\u00e9v\u00e9nements r\u00e9p\u00e9t\u00e9s sur la voie publique proches de la sortie de m\u00e9tro National\u00bb depuis le d\u00e9but de la semaine, Orange a indiqu\u00e9 attendre \u00abun retour \u00e0 une situation apais\u00e9e dans le quartier\u00bb.<\/p>\n<p class=\"fig-paragraph\"><a href=\"http:\/\/www.lefigaro.fr\/societes\/orange-embarque-a-bord-du-climate-impulse-l-avion-a-hydrogene-de-bertrand-piccard-20251119\" target=\"_blank\" data-fig-type=\"NewsFlash\" rel=\"noopener\" data-gtm-custom-categorie=\"navigation\" data-gtm-custom-action=\"crossclick\" data-gtm-custom-label=\"Contextuel\" data-gtm-event=\"customEventSPE\" data-fig-domain=\"LEFIGARO\">Orange<\/a>\u00a0va fermer son site de\u00a0<a href=\"http:\/\/www.lefigaro.fr\/marseille\/marseille-un-adolescent-blesse-par-arme-blanche-dans-les-quartiers-nord-20251127\" target=\"_blank\" data-fig-type=\"NewsFlash\" rel=\"noopener\" data-gtm-custom-categorie=\"navigation\" data-gtm-custom-action=\"crossclick\" data-gtm-custom-label=\"Contextuel\" data-gtm-event=\"customEventSPE\" data-fig-domain=\"LEFIGARO\">Marseille<\/a>, o\u00f9 travaillent environ 1000 personnes, d\u00e8s vendredi et jusque \u00abmi-d\u00e9cembre\u00bb, suite \u00e0 une \u00abmont\u00e9e des tensions\u00bb dans le quartier, a indiqu\u00e9 la direction r\u00e9gionale du groupe \u00e0 l&rsquo;AFP jeudi. Les locaux d&rsquo;Orange \u00e0 Marseille sont situ\u00e9s dans le quartier sensible de Saint-Mauront.<\/p>\n<p class=\"fig-paragraph\">D\u00e9crivant des \u00ab\u00e9v\u00e9nements r\u00e9p\u00e9t\u00e9s sur la voie publique proches de la sortie de m\u00e9tro National\u00bb depuis le d\u00e9but de la semaine, Orange a indiqu\u00e9 attendre \u00abun retour \u00e0 une situation apais\u00e9e dans le quartier\u00bb. La CFDT du groupe de t\u00e9l\u00e9coms a expliqu\u00e9 dans un communiqu\u00e9 que les salari\u00e9s ont \u00e9t\u00e9 confin\u00e9s mardi du fait d&rsquo;une \u00abbagarre entre dealers\u00bb dans la rue, et a \u00e9voqu\u00e9 des pr\u00e9c\u00e9dents dans le quartier, notamment \u00abune fusillade\u00bb le 23 octobre. \u00abLe narcotrafic met les salari\u00e9s en \u00e9tat de si\u00e8ge\u00bb, a d\u00e9plor\u00e9 la CFDT.<\/p>\n<p>                                            <a class=\"fig-a11y-skip\" href=\"#fig-a11y-skip-main-inarticle\" data-module=\"a11y-skip\" data-context=\"was @visible\"><br \/>\n    Passer la publicit\u00e9<br \/>\n<\/a>            <\/p>\n<p>                                            \u00abBandes rivales\u00bb<\/p>\n<p class=\"fig-paragraph\">La pr\u00e9f\u00e8te de police d\u00e9l\u00e9gu\u00e9e des Bouches-du-Rh\u00f4ne, Corinne Simon, a r\u00e9fut\u00e9 aupr\u00e8s de l&rsquo;AFP jeudi soir cette hypoth\u00e8se de \u00abbandes rivales\u00bb, tout en disant comprendre l&rsquo;\u00e9motion des salari\u00e9s d&rsquo;Orange. \u00abCe n&rsquo;est absolument pas \u00e7a\u00bb, a-t-elle assur\u00e9, reconnaissant que le quartier est \u00abcompliqu\u00e9\u00bb. Corinne Simon a ajout\u00e9 que le 17 a \u00e9t\u00e9 appel\u00e9 une seule fois. La police s&rsquo;est d\u00e9plac\u00e9e sur les lieux. \u00abOn me dit qu&rsquo;il y a des coups de feu qui ont \u00e9t\u00e9 tir\u00e9s, mais en m\u00eame temps on n&rsquo;a rien trouv\u00e9\u00bb, a-t-elle expliqu\u00e9.<\/p>\n<p class=\"fig-paragraph\">La ville enti\u00e8re, r\u00e9guli\u00e8rement secou\u00e9e par des homicides li\u00e9s au trafic de drogue, a \u00e9t\u00e9 boulevers\u00e9e par l&rsquo;assassinat du jeune Mehdi Kessaci, petit fr\u00e8re d&rsquo;un militant contre le narcotrafic, le 13 novembre. Pour rassurer les salari\u00e9s, les rondes et patrouilles de police vont \u00eatre accentu\u00e9es, a indiqu\u00e9 la pr\u00e9f\u00e8te d\u00e9l\u00e9gu\u00e9e. La CGT a demand\u00e9 \u00e0 la direction d&rsquo;Orange de \u00abs\u00e9curiser durablement le site\u00bb. Le syndicat estime que ce site \u00abembl\u00e9matique\u00bb ne doit pas fermer. \u00abY renoncer, plut\u00f4t que le s\u00e9curiser, serait un mauvais signal envoy\u00e9 aux salari\u00e9s et aux habitants des quartiers populaires\u00bb, conclut la CGT. Orange a indiqu\u00e9 que pendant la fermeture du site de Saint-Mauront, les salari\u00e9s pourront t\u00e9l\u00e9travailler ou se rendre sur d&rsquo;autres sites du groupe.<\/p>\n","protected":false},"excerpt":{"rendered":"D\u00e9crivant des \u00ab\u00e9v\u00e9nements r\u00e9p\u00e9t\u00e9s sur la voie publique proches de la sortie de m\u00e9tro National\u00bb depuis le d\u00e9but&hellip;\n","protected":false},"author":2,"featured_media":563575,"comment_status":"","ping_status":"","sticky":false,"template":"","format":"standard","meta":{"footnotes":""},"categories":[2814],"tags":[1111,11,1777,674,1011,27,884,12,738,882,25],"class_list":{"0":"post-563574","1":"post","2":"type-post","3":"status-publish","4":"format-standard","5":"has-post-thumbnail","7":"category-marseille","8":"tag-actu","9":"tag-actualites","10":"tag-eu","11":"tag-europe","12":"tag-fr","13":"tag-france","14":"tag-marseille","15":"tag-news","16":"tag-orange","17":"tag-provence-alpes-cote-dazur","18":"tag-republique-francaise"},"share_on_mastodon":{"url":"https:\/\/pubeurope.com\/@fr\/115625052256326919","error":""},"_links":{"self":[{"href":"https:\/\/www.europesays.com\/fr\/wp-json\/wp\/v2\/posts\/563574","targetHints":{"allow":["GET"]}}],"collection":[{"href":"https:\/\/www.europesays.com\/fr\/wp-json\/wp\/v2\/posts"}],"about":[{"href":"https:\/\/www.europesays.com\/fr\/wp-json\/wp\/v2\/types\/post"}],"author":[{"embeddable":true,"href":"https:\/\/www.europesays.com\/fr\/wp-json\/wp\/v2\/users\/2"}],"replies":[{"embeddable":true,"href":"https:\/\/www.europesays.com\/fr\/wp-json\/wp\/v2\/comments?post=563574"}],"version-history":[{"count":0,"href":"https:\/\/www.europesays.com\/fr\/wp-json\/wp\/v2\/posts\/563574\/revisions"}],"wp:featuredmedia":[{"embeddable":true,"href":"https:\/\/www.europesays.com\/fr\/wp-json\/wp\/v2\/media\/563575"}],"wp:attachment":[{"href":"https:\/\/www.europesays.com\/fr\/wp-json\/wp\/v2\/media?parent=563574"}],"wp:term":[{"taxonomy":"category","embeddable":true,"href":"https:\/\/www.europesays.com\/fr\/wp-json\/wp\/v2\/categories?post=563574"},{"taxonomy":"post_tag","embeddable":true,"href":"https:\/\/www.europesays.com\/fr\/wp-json\/wp\/v2\/tags?post=563574"}],"curies":[{"name":"wp","href":"https:\/\/api.w.org\/{rel}","templated":true}]}}