{"id":563582,"date":"2025-11-28T02:54:14","date_gmt":"2025-11-28T02:54:14","guid":{"rendered":"https:\/\/www.europesays.com\/fr\/563582\/"},"modified":"2025-11-28T02:54:14","modified_gmt":"2025-11-28T02:54:14","slug":"a-paris-des-librairies-independantes-victimes-de-campagnes-dintimidation","status":"publish","type":"post","link":"https:\/\/www.europesays.com\/fr\/563582\/","title":{"rendered":"\u00e0 Paris, des librairies ind\u00e9pendantes victimes de campagnes d&rsquo;intimidation"},"content":{"rendered":"<p>                    Par<br \/>\n        <strong><br \/>\n            <a href=\"https:\/\/actu.fr\/auteur\/julie-bossart-actu-fr\" title=\"Consulter tous les articles de Julie Bossart\" target=\"_blank\" rel=\"noopener\">Julie Bossart<\/a><br \/>\n                    <\/strong><\/p>\n<p>        Publi\u00e9 le<\/p>\n<p>            27 nov. 2025 \u00e0 18h28        <\/p>\n<p><a href=\"https:\/\/actu.fr\/ile-de-france\/paris_75056\/on-ne-se-laissera-pas-faire-a-paris-la-librairie-violette-amp-co-attaquee-pour-des-livres-sur-la-palestine_63026308.html\" target=\"_blank\" rel=\"noopener\">L\u2019attaque de Violette and Co<\/a> n\u2019\u00e9tait pas un acte isol\u00e9. En juillet\u00a02025, cette librairie f\u00e9ministe et LGBT +\u00a0du 11e arrondissement de <a href=\"https:\/\/actu.fr\/paris\/dernieres-actus\" target=\"_blank\" rel=\"noopener\">Paris<\/a> a vu sa vitrine recouverte des inscriptions \u00ab\u2009Islamo complice\u2009\u00bb et \u00ab\u2009Hamas violeur\u2009\u00bb. En cause, la mise en avant du livre de coloriage propalestinien From the river to sea (De la rivi\u00e8re \u00e0 la mer), une formule interpr\u00e9t\u00e9e par certains comme une volont\u00e9 d\u2019\u00e9radiquer l\u2019\u00c9tat d\u2019Isra\u00ebl, pour d\u2019autres comme un soutien pacifiste \u00e0 la cause palestinienne.<br \/>Depuis d\u2019autres librairies ind\u00e9pendantes de la capitale, mais aussi en r\u00e9gion, ont \u00e9t\u00e9 la cible d\u2019actes d\u2019intimidation. Une situation qui alarme la profession, pointant notamment des groupuscules d\u2019extr\u00eame droite.<\/p>\n<p>\u00ab Provoquer la peur et induire l\u2019autocensure \u00bb<\/p>\n<p class=\" wall-content\">Le 15\u00a0novembre, c\u2019est la Petite \u00c9gypte, dans le Sentier (2e), qui a \u00e9t\u00e9 vis\u00e9e \u00e0 son tour par un tag \u00ab\u2009Albanese, la putain du Hamas\u2009\u00bb accompagn\u00e9 d\u2019une \u00e9toile de David. La librairie recevait ce jour-l\u00e0 <a href=\"https:\/\/www.ohchr.org\/fr\/press-releases\/2025\/07\/forever-occupation-genocide-and-profit-special-rapporteurs-report-exposes\" target=\"_blank\" rel=\"noopener\">Francesca Albanese, rapporteure sp\u00e9ciale de l\u2019ONU<\/a> sur les droits humains dans les territoires palestiniens occup\u00e9s. \u00ab\u2009Cela s\u2019inscrit dans une s\u00e9rie d\u2019actes de vandalisme visant les librairies, dont beaucoup li\u00e9s \u00e0 la question palestinienne, mais aussi dans un contexte de progression de l\u2019extr\u00eame droite\u2009\u00bb, estime le libraire Alexis Argyroglo, qui a d\u00e9pos\u00e9 plainte.<\/p>\n<p class=\" wall-content\">Le m\u00eame jour, la librairie de la F\u00e9d\u00e9ration nationale de la Libre pens\u00e9e (FNLP, 5e) \u00e9tait elle aussi vandalis\u00e9e pour avoir pr\u00eat\u00e9 une salle aux personnes souhaitant suivre \u00e0 distance un colloque sur la Palestine, dont la<a href=\"https:\/\/actu.fr\/ile-de-france\/paris_75056\/annule-par-le-college-de-france-le-colloque-sur-la-palestine-resiste-a-la-polemique-et-maintient-sa-tenue_63426579.html\" target=\"_blank\" rel=\"noopener\"> d\u00e9programmation du Coll\u00e8ge de France<\/a> avait fait pol\u00e9mique.<\/p>\n<p class=\" wall-content\">Dans une <a href=\"https:\/\/www.parislibrairies.fr\/tribune-des-libraires\/ssh-11998\" target=\"_blank\" rel=\"noopener\">tribune<\/a> publi\u00e9e en octobre, des professionnels du livre d\u00e9non\u00e7aient la multiplication de faits de harc\u00e8lement, voire de menaces physiques. \u00ab\u2009Ces manifestations de violences (..) n\u2019ont d\u2019autres buts que de provoquer de la peur et d\u2019induire une forme d\u2019autocensure\u2009\u00bb, \u00e9crivaient-ils, renvoyant dos \u00e0 dos les extr\u00eames.<\/p>\n<p class=\" wall-content\">Interrog\u00e9e par l\u2019AFP, Naza Chiffert, membre de l\u2019association Paris Librairies, regroupant 200 librairies ind\u00e9pendantes, rappelle que chacune a sa \u00ab\u2009libert\u00e9 de choix\u2009\u00bb et fustige \u00ab\u2009une politique d\u2019intimidation qui va parfois jusqu\u2019\u00e0 la terreur\u2009\u00bb.<\/p>\n<p>Jusqu\u2019au Conseil de Paris<\/p>\n<p class=\" wall-content\">Ces tensions ont gagn\u00e9 le terrain politique\u2009: la semaine derni\u00e8re, le <a href=\"https:\/\/actu.fr\/tag\/conseil-de-paris\" target=\"_blank\" rel=\"noopener\">Conseil de Paris<\/a> a<a href=\"https:\/\/actu.fr\/ile-de-france\/paris_75056\/a-paris-la-droite-bloque-une-subvention-de-500-000-euros-destinee-aux-librairies-independantes_63464529.html\" target=\"_blank\" rel=\"noopener\"> rejet\u00e9 une subvention<\/a> de 482\u2009000\u00a0euros \u00e0 40 librairies ind\u00e9pendantes, \u00e0 la faveur d\u2019une majorit\u00e9 temporaire de la droite, les conseillers de la majorit\u00e9 s\u2019\u00e9tant absent\u00e9s pour assister au sommet europ\u00e9en des maires contre l\u2019antis\u00e9mitisme. Les subventions visaient \u00e0 accompagner notamment des travaux de r\u00e9novation \u00e9nerg\u00e9tique et d\u2019accessibilit\u00e9.<\/p>\n<p>Votre r\u00e9gion, votre actu !<\/p>\n<p>Recevez chaque jour les infos qui comptent pour vous.<\/p>\n<p>\t<a href=\"https:\/\/actu.fr\/newsletter\" class=\"ac-btn ac-btn--corner ac-btn--medium ac-btn--blue800\" target=\"_blank\" rel=\"noopener\">S&rsquo;incrire<\/a><\/p>\n<p class=\" wall-content\">\u00ab\u2009Nous \u00e9tions favorables \u00e0 39 subventions sur 40\u2009\u00bb, explique Aur\u00e9lien V\u00e9ron, membre du groupe d\u2019opposition de Rachida Dati, pointant la librairie Violette and Co et ses contenus jug\u00e9s <a href=\"https:\/\/actu.fr\/tag\/antisemitisme\" target=\"_blank\" rel=\"noopener\">antis\u00e9mites<\/a>. Si l\u2019\u00e9lu LR assure qu\u2019on \u00ab\u2009ne s\u2019attaque pas aux librairies\u2009\u00bb, et trouve \u00ab\u2009inacceptables\u2009\u00bb les intimidations, il a pourtant post\u00e9 sur X une vid\u00e9o de la devanture \u00ab\u2009\u00e0 la ligne antis\u00e9mite\u2009\u00bb.<\/p>\n<p class=\" wall-content\">Le premier adjoint \u00e0 la maire Anne Hidalgo, Patrick Bloche (PS), qualifie lui aussi l\u2019ouvrage \u00ab\u2009d\u2019antis\u00e9mite\u2009\u00bb, mais rappelle qu\u2019il a \u00ab\u2009fait l\u2019objet d\u2019une autorisation de publication\u2009\u00bb. \u00ab\u2009La Fnac et Violette and Co ont diffus\u00e9 un ouvrage jeunesse contest\u00e9, mais on s\u2019attaque \u00e0 cette derni\u00e8re parce que c\u2019est une librairie LGBT\u2009\u00bb, selon lui.<\/p>\n<p class=\" wall-content\">De son c\u00f4t\u00e9, l\u2019adjoint au Commerce Nicolas Bonnet-Oulaldj (PCF) d\u00e9nonce un \u00ab\u2009obscurantisme de la droite\u2009\u00bb, qui \u00ab\u2009instrumentalise le d\u00e9bat et attise la haine\u2009\u00bb. Il condamne par ailleurs \u00ab\u2009l\u2019argument totalement faux et scandaleux d\u2019antis\u00e9mitisme\u2009\u00bb et estime \u00ab\u2009tr\u00e8s grave de commencer \u00e0 juger la ligne \u00e9ditoriale d\u2019une librairie\u2009\u00bb, promettant de repr\u00e9senter la d\u00e9lib\u00e9ration au prochain Conseil de Paris mi-d\u00e9cembre.<\/p>\n<p class=\" wall-content\">Ces pol\u00e9miques interviennent dans un <a href=\"https:\/\/actu.fr\/ile-de-france\/paris_75056\/un-creve-coeur-institution-a-paris-la-librairie-bd-net-bastille-va-devenir-une-boutique-de-baskets_63049766.html\" target=\"_blank\" rel=\"noopener\">contexte \u00e9conomique tendu<\/a> pour les librairies, entre concurrence f\u00e9roce des plateformes en ligne, co\u00fbt de l\u2019\u00e9nergie et hausse des loyers. \u00ab\u2009La tr\u00e9sorerie est dans une situation calamiteuse\u2009\u00bb, confirme Naza Chiffert, qui comptait sur la subvention pour r\u00e9nover la fa\u00e7ade d\u00e9grad\u00e9e de sa librairie jeunesse, dans le 15e arrondissement. \u00ab\u2009\u00c7a fait quatre ans que je rembourse le pr\u00eat garanti par l\u2019\u00c9tat contract\u00e9 au moment du Covid et on prend 70\u2009% de votre projet d\u2019investissement\u2009\u00bb, plaide-t-elle.<\/p>\n<p class=\" wall-content\">avec AFP<\/p>\n<p class=\" wall-content\">Personnalisez votre actualit\u00e9 en ajoutant vos villes et m\u00e9dias en favori avec <a href=\"https:\/\/moncompte.actu.fr\" title=\"D\u00e9couvez Mon Actu\" rel=\"nofollow noopener\" data-trk=\"{&quot;cta&quot;:{&quot;action&quot;:&quot;https:\\\/\\\/moncompte.actu.fr&quot;,&quot;category&quot;:&quot;mon compte&quot;,&quot;from&quot;:&quot;article footer&quot;,&quot;name&quot;:&quot;Mon actu&quot;,&quot;type&quot;:&quot;cta&quot;}}\" target=\"_blank\">Mon Actu<\/a>.<\/p>\n","protected":false},"excerpt":{"rendered":"Par Julie Bossart Publi\u00e9 le 27 nov. 2025 \u00e0 18h28 L\u2019attaque de Violette and Co n\u2019\u00e9tait pas un&hellip;\n","protected":false},"author":2,"featured_media":563583,"comment_status":"","ping_status":"","sticky":false,"template":"","format":"standard","meta":{"footnotes":""},"categories":[1888],"tags":[1111,1928,11,1927,1777,674,1076,118,1011,27,5643,1380,12,1926,626,1925,25],"class_list":{"0":"post-563582","1":"post","2":"type-post","3":"status-publish","4":"format-standard","5":"has-post-thumbnail","7":"category-paris","8":"tag-actu","9":"tag-actu-paris","10":"tag-actualites","11":"tag-actualites-paris","12":"tag-eu","13":"tag-europe","14":"tag-extreme-droite","15":"tag-faits-divers","16":"tag-fr","17":"tag-france","18":"tag-guerre-israel-hamas","19":"tag-livres","20":"tag-news","21":"tag-news-paris","22":"tag-paris","23":"tag-paris-news","24":"tag-republique-francaise"},"share_on_mastodon":{"url":"https:\/\/pubeurope.com\/@fr\/115625070712158903","error":""},"_links":{"self":[{"href":"https:\/\/www.europesays.com\/fr\/wp-json\/wp\/v2\/posts\/563582","targetHints":{"allow":["GET"]}}],"collection":[{"href":"https:\/\/www.europesays.com\/fr\/wp-json\/wp\/v2\/posts"}],"about":[{"href":"https:\/\/www.europesays.com\/fr\/wp-json\/wp\/v2\/types\/post"}],"author":[{"embeddable":true,"href":"https:\/\/www.europesays.com\/fr\/wp-json\/wp\/v2\/users\/2"}],"replies":[{"embeddable":true,"href":"https:\/\/www.europesays.com\/fr\/wp-json\/wp\/v2\/comments?post=563582"}],"version-history":[{"count":0,"href":"https:\/\/www.europesays.com\/fr\/wp-json\/wp\/v2\/posts\/563582\/revisions"}],"wp:featuredmedia":[{"embeddable":true,"href":"https:\/\/www.europesays.com\/fr\/wp-json\/wp\/v2\/media\/563583"}],"wp:attachment":[{"href":"https:\/\/www.europesays.com\/fr\/wp-json\/wp\/v2\/media?parent=563582"}],"wp:term":[{"taxonomy":"category","embeddable":true,"href":"https:\/\/www.europesays.com\/fr\/wp-json\/wp\/v2\/categories?post=563582"},{"taxonomy":"post_tag","embeddable":true,"href":"https:\/\/www.europesays.com\/fr\/wp-json\/wp\/v2\/tags?post=563582"}],"curies":[{"name":"wp","href":"https:\/\/api.w.org\/{rel}","templated":true}]}}