{"id":563601,"date":"2025-11-28T03:05:21","date_gmt":"2025-11-28T03:05:21","guid":{"rendered":"https:\/\/www.europesays.com\/fr\/563601\/"},"modified":"2025-11-28T03:05:21","modified_gmt":"2025-11-28T03:05:21","slug":"vucic-le-president-serbe-soutenu-par-lue-accuse-davoir-participe","status":"publish","type":"post","link":"https:\/\/www.europesays.com\/fr\/563601\/","title":{"rendered":"Vu\u010di\u0107, le pr\u00e9sident serbe soutenu par l&rsquo;UE, accus\u00e9 d&rsquo;avoir particip\u00e9"},"content":{"rendered":"<p>Un journaliste d\u2019investigation croate, Domagoj Margeti\u0107, a port\u00e9 plainte mercredi 19 novembre <a href=\"https:\/\/www.theguardian.com\/world\/2025\/nov\/21\/serbian-president-aleksander-vucic-legal-complaint-sarajevo-sniper-tourism-case-milan\" class=\"spip_out\" rel=\"noopener noreferrer external\" target=\"_blank\">contre le pr\u00e9sident serbe aupr\u00e8s de la cour de Milan<\/a>, l\u2019accusant d\u2019avoir particip\u00e9 aux massacres de civils <a href=\"https:\/\/www.revolutionpermanente.fr\/Sarajevo-1992-1996-Le-siege-les-safaris-humains-et-le-pourrissement-du-capitalisme\" target=\"_blank\" rel=\"noopener\">commis lors du si\u00e8ge de Sarajevo, entre 1992 et 1996<\/a>. Cet \u00e9v\u00e9nement constitue le dernier rebond d\u2019une affaire revenue en pleine lumi\u00e8re la semaine pr\u00e9c\u00e9dente, apr\u00e8s des d\u00e9cennies de rumeurs quant \u00e0 la participation de riches citoyens occidentaux aux massacres de civils bosniaques. En effet, des procureurs italiens ont officiellement lanc\u00e9 une enqu\u00eate pour identifier des citoyens de plusieurs pays, notamment europ\u00e9ens, qui auraient pay\u00e9 des sommes consid\u00e9rables <a href=\"https:\/\/www.revolutionpermanente.fr\/Srebrenica-Trente-ans-apres-le-dernier-genocide-europeen\" target=\"_blank\" rel=\"noopener\">\u00e0 l\u2019arm\u00e9e de Radovan Karad\u017ei\u0107<\/a>, en \u00e9change d\u2019un voyage jusqu\u2019aux postes avanc\u00e9es de l\u2019arm\u00e9e serbe, d\u2019o\u00f9 ils auraient pu tuer les cibles de leurs choix, dont des enfants.<\/p>\n<p>C\u2019est justement la pr\u00e9sence d\u2019Alexandre Vu\u010di\u0107 sur de tels zones militaires sur laquelle se fonde Domagoj Margeti\u0107 pour l\u2019accuser de participation \u00e0 ces massacres. Le journaliste affirme qu\u2019il n\u2019y a aucun doute qu\u2019il s\u2019est rendu en 1992 et 1993 au cimeti\u00e8re Juif de Sarajevo, utilis\u00e9 comme un poste d\u2019artillerie par les forces serbes de Bosnie, qu\u2019il d\u00e9peint comme <a href=\"https:\/\/reporteri.net\/en\/NEWS\/rajon\/au-involved-in-the-Sarajevo-safari--Vucic-reacts-for-the-first-time-about-the-accusations\/\" class=\"spip_out\" rel=\"noopener noreferrer external\" target=\"_blank\">\u00ab\u00a0le point de tir le plus pris\u00e9 et le plus on\u00e9reux pour les chasseurs \u00e9trangers\u00a0\u00bb<\/a>. La porte-parole de Vu\u010di\u0107 a fermement d\u00e9menti, en pr\u00e9textant que Vu\u010di\u0107 \u00e9tait pr\u00e9sent autour de Sarajevo, \u00e0 Pale, mais uniquement dans le cadre d\u2019un travail journalistique. Cependant, le journaliste croate affirme \u00eatre en possession de preuves indiquant que Vucic \u00e9tait volontaire dans une milice men\u00e9e par Slavko Aleksi\u0107. Il affirme notamment que Vu\u010di\u0107 reconnaissait dans une interview en 1994 s\u2019\u00eatre battu dans le cimeti\u00e8re Juif. Par ailleurs, Aleksi\u0107 aurait affirm\u00e9 en 2017 que Vucic faisait partie de son unit\u00e9, et qu\u2019il assurait la traduction avec les \u00e9trangers. Margetic pr\u00e9tend qu\u2019une vid\u00e9o film\u00e9e \u00e0 l\u2019\u00e9poque montre Vucic en train de tenir un fusil \u00ab\u00a0PAP\u00a0\u00bb serbe, alors que la porte-parole pr\u00e9tend qu\u2019il s\u2019agissait d\u2019une canne tripode.<\/p>\n<p>Plus de 11 000 personnes ont \u00e9t\u00e9 tu\u00e9es sous les bombardements et les tirs au cours du plus long si\u00e8ge de l\u2019histoire moderne. Alors que le pr\u00e9sident serbe fait face \u00e0 <a href=\"https:\/\/www.revolutionpermanente.fr\/Un-an-apres-pourquoi-le-mouvement-en-Serbie-n-a-pas-reussi-a-degager-le-regime-de-Vucic\" target=\"_blank\" rel=\"noopener\">une intense contestation populaire depuis plus d\u2019un an<\/a>, cette affaire abjecte vient s\u2019additioner au caract\u00e8re corrompue, autoritaire et mafieux de son r\u00e9gime, reconnu comme tel par une bonne partie de la population. Habitu\u00e9 \u00e0 intimider la presse serbe, Vu\u010di\u0107 s\u2019est <a href=\"https:\/\/www.courrierinternational.com\/article\/bosnie-herzegovine-l-affaire-des-safaris-humains-a-sarajevo-eclabousse-le-president-serbe-aleksandar-vucic_237702\" class=\"spip_out\" rel=\"noopener noreferrer external\" target=\"_blank\">cette fois montr\u00e9 mena\u00e7ant contre la presse internationale ayant r\u00e9v\u00e9l\u00e9 l\u2019affaire,<\/a>, promettant de les attaquer en justice, et niant toute implication.<\/p>\n<p>Alors que la diplomatie franco-serbe se renforce, entre une invitation <a href=\"https:\/\/www.courrierdesbalkans.fr\/Macron-recoit-Vucic-la-honte-de-la-France-et-de-l-Europe\" class=\"spip_out\" rel=\"noopener noreferrer external\" target=\"_blank\">officielle \u00e0 l\u2019Elys\u00e9e de Vu\u010di\u0107 en aout 2025<\/a> et un nouvel entretien entre les pr\u00e9sidents pas plus tard que <a href=\"https:\/\/rs.ambafrance.org\/Entretien-entre-les-presidents-francais-et-serbe-en-marge-du-Forum-de-la-Paix\" class=\"spip_out\" rel=\"noopener noreferrer external\" target=\"_blank\">le 13 novembre<\/a>, il est n\u00e9cessaire de rappeler le pass\u00e9 du dirigeant Serbe qui renforce d\u2019autant la cr\u00e9dibilit\u00e9 des accusations prof\u00e9r\u00e9es \u00e0 son encontre. Actuellement membre du Parti Progressiste Serbe, Aleksandar Vu\u010di\u0107 est entr\u00e9 en politique au sein de l\u2019ultranationaliste Parti Radical Serbe dont il est devenu secr\u00e9taire g\u00e9n\u00e9ral en 1995. Par la suite, il deviendra en 1998 ministre de l\u2019information du gouvernement de Slobodan Milo\u0161evi\u0107, et le restera jusqu\u2019\u00e0 la chute de ce dernier en 2000. Milo\u0161evi\u0107 sera dans les ann\u00e9es qui suivent accus\u00e9 de crimes de guerre, crimes contre l\u2019humanit\u00e9 et g\u00e9nocide par le Tribunal P\u00e9nal International de La Haye, sa mort de maladie venant arr\u00eater le jugement.<\/p>\n<p>Ce pass\u00e9 jette une lumi\u00e8re d\u2019autant plus crue sur l\u2019hypocrisie des dirigeants Europ\u00e9ens, qui pr\u00e9tendent \u00e0 longueur de m\u00e9dias d\u00e9fendre la d\u00e9mocratie face au r\u00e9gime dictatorial et guerrier de Vladimir Poutine, mais s\u2019accommodent des dictateurs de la terre enti\u00e8re quand ceux-ci servent leurs int\u00e9r\u00eats. Ursula Von der Leyen a quant \u00e0 elle r\u00e9affirm\u00e9e son soutien au pr\u00e9sident serbe, un alli\u00e9 pr\u00e9cieux de Bruxelles en ce qui concerne les projets strat\u00e9giques hors de l\u2019UE, \u00e0 l\u2019image de la <a href=\"https:\/\/www.europe-solidaire.org\/spip.php?article76997)\" class=\"spip_out\" rel=\"noopener noreferrer external\" target=\"_blank\">mine de lithium dans la vall\u00e9e de Jadar<\/a>. En d\u00e9pit d\u2019une tr\u00e8s faible critique de la part de la pr\u00e9sidente de la Commission Europ\u00e9enne au sujet de \u00ab\u00a0l\u2019\u00c9tat de droit\u00a0\u00bb en Serbie, l\u2019UE montre son hypocrisie en soutenant un r\u00e9gime de plus en plus r\u00e9pressif, antisocial et \u00e9cocide, et qui trouve ses racines dans les atrocit\u00e9s commises lors des guerres de Bosnie-Herz\u00e9govine.<\/p>\n<p>Tous ces \u00e9l\u00e9ments doivent concourir \u00e0 faire prendre conscience \u00e0 la jeunesse et \u00e0 la classe ouvri\u00e8re l\u2019importance primordiale de construire des organisations politiques d\u00e9fendant ses int\u00e9r\u00eats en ind\u00e9pendance totale des pouvoirs politiques d\u00e9mocratiques bourgeois. A l\u2019heure o\u00f9 les classe dirigeantes europ\u00e9ennes tentent <a href=\"https:\/\/www.revolutionpermanente.fr\/Accepter-de-perdre-nos-enfants-la-propagande-de-guerre-du-general-Mandon-n-est-pas-un-derapage\" target=\"_blank\" rel=\"noopener\">d\u2019entra\u00eener les classe populaires dans une guerre qui n\u2019est pas la leur<\/a>, et o\u00f9 l\u2019ex t\u00eate de liste du PS Rapha\u00ebl Glucksmann met tout <a href=\"https:\/\/www.revolutionpermanente.fr\/Accepter-de-perdre-ses-enfants-Glucksmann-applaudit-et-se-pose-en-champion-du-militarisme\" target=\"_blank\" rel=\"noopener\">son poids politique au service de cet objectif<\/a>, il ne faut jamais perdre de vue la r\u00e9alit\u00e9 politique pour laquelle nos dirigeants cherchent \u00e0 nous sacrifier.<\/p>\n","protected":false},"excerpt":{"rendered":"Un journaliste d\u2019investigation croate, Domagoj Margeti\u0107, a port\u00e9 plainte mercredi 19 novembre contre le pr\u00e9sident serbe aupr\u00e8s de&hellip;\n","protected":false},"author":2,"featured_media":563602,"comment_status":"","ping_status":"","sticky":false,"template":"","format":"standard","meta":{"footnotes":""},"categories":[1586],"tags":[11,1777,674,1779,1011,27,12,25,1778,364],"class_list":{"0":"post-563601","1":"post","2":"type-post","3":"status-publish","4":"format-standard","5":"has-post-thumbnail","7":"category-europe","8":"tag-actualites","9":"tag-eu","10":"tag-europe","11":"tag-european-union","12":"tag-fr","13":"tag-france","14":"tag-news","15":"tag-republique-francaise","16":"tag-ue","17":"tag-union-europeenne"},"share_on_mastodon":{"url":"https:\/\/pubeurope.com\/@fr\/115625113962013763","error":""},"_links":{"self":[{"href":"https:\/\/www.europesays.com\/fr\/wp-json\/wp\/v2\/posts\/563601","targetHints":{"allow":["GET"]}}],"collection":[{"href":"https:\/\/www.europesays.com\/fr\/wp-json\/wp\/v2\/posts"}],"about":[{"href":"https:\/\/www.europesays.com\/fr\/wp-json\/wp\/v2\/types\/post"}],"author":[{"embeddable":true,"href":"https:\/\/www.europesays.com\/fr\/wp-json\/wp\/v2\/users\/2"}],"replies":[{"embeddable":true,"href":"https:\/\/www.europesays.com\/fr\/wp-json\/wp\/v2\/comments?post=563601"}],"version-history":[{"count":0,"href":"https:\/\/www.europesays.com\/fr\/wp-json\/wp\/v2\/posts\/563601\/revisions"}],"wp:featuredmedia":[{"embeddable":true,"href":"https:\/\/www.europesays.com\/fr\/wp-json\/wp\/v2\/media\/563602"}],"wp:attachment":[{"href":"https:\/\/www.europesays.com\/fr\/wp-json\/wp\/v2\/media?parent=563601"}],"wp:term":[{"taxonomy":"category","embeddable":true,"href":"https:\/\/www.europesays.com\/fr\/wp-json\/wp\/v2\/categories?post=563601"},{"taxonomy":"post_tag","embeddable":true,"href":"https:\/\/www.europesays.com\/fr\/wp-json\/wp\/v2\/tags?post=563601"}],"curies":[{"name":"wp","href":"https:\/\/api.w.org\/{rel}","templated":true}]}}