{"id":563607,"date":"2025-11-28T03:08:21","date_gmt":"2025-11-28T03:08:21","guid":{"rendered":"https:\/\/www.europesays.com\/fr\/563607\/"},"modified":"2025-11-28T03:08:21","modified_gmt":"2025-11-28T03:08:21","slug":"public-senat-et-centre-france-renforcent-leur-partenariat-editorial","status":"publish","type":"post","link":"https:\/\/www.europesays.com\/fr\/563607\/","title":{"rendered":"Public S\u00e9nat et Centre France renforcent leur partenariat \u00e9ditorial"},"content":{"rendered":"<p>La cha\u00eene <a target=\"_blank\" rel=\"noopener\" href=\"https:\/\/fr.themedialeader.com\/caroline-delage-fait-son-retour-sur-public-senat-avec-sport-etc\/\">Public S\u00e9nat<\/a> et le groupe de presse r\u00e9gionale <a target=\"_blank\" rel=\"noopener\" href=\"https:\/\/fr.themedialeader.com\/le-groupe-centre-france-entre-au-capital-de-lagence-de-communication-campus\/\">Centre France<\/a> ont sign\u00e9, au si\u00e8ge du journal La Montagne \u00e0 Clermont-Ferrand, une convention destin\u00e9e \u00e0 prolonger et renforcer leur collaboration \u00e9ditoriale.<\/p>\n<p>\u00c0 cette occasion, <a target=\"_blank\" rel=\"noopener\" href=\"https:\/\/fr.themedialeader.com\/le-groupe-centre-france-deploie-charte-gpt\/\">Soizic Bouju<\/a>, directrice g\u00e9n\u00e9rale de Centre France, et <a target=\"_blank\" rel=\"noopener\" href=\"https:\/\/fr.themedialeader.com\/jean-emmanuel-casalta-est-le-pdg-de-public-senat\/\">Jean-Emmanuel Casalta<\/a>, PDG de Public S\u00e9nat, ont r\u00e9affirm\u00e9 leur volont\u00e9 commune de couvrir l\u2019actualit\u00e9 locale et nationale avec impartialit\u00e9 et dans un esprit d\u2019apaisement.<br \/>Le partenariat s\u2019appuie notamment sur l\u2019\u00e9mission matinale \u00ab Bonjour Chez Vous ! \u00bb et sur des productions audiovisuelles ou num\u00e9riques consacr\u00e9es aux territoires. Il doit encore monter en puissance \u00e0 l\u2019approche des municipales de 2026 et des prochaines \u00e9ch\u00e9ances \u00e9lectorales.<\/p>\n","protected":false},"excerpt":{"rendered":"La cha\u00eene Public S\u00e9nat et le groupe de presse r\u00e9gionale Centre France ont sign\u00e9, au si\u00e8ge du journal&hellip;\n","protected":false},"author":2,"featured_media":563608,"comment_status":"","ping_status":"","sticky":false,"template":"","format":"standard","meta":{"footnotes":""},"categories":[4],"tags":[11,1011,27,12,4048,25],"class_list":{"0":"post-563607","1":"post","2":"type-post","3":"status-publish","4":"format-standard","5":"has-post-thumbnail","7":"category-france","8":"tag-actualites","9":"tag-fr","10":"tag-france","11":"tag-news","12":"tag-presse","13":"tag-republique-francaise"},"share_on_mastodon":{"url":"https:\/\/pubeurope.com\/@fr\/115625125739008919","error":""},"_links":{"self":[{"href":"https:\/\/www.europesays.com\/fr\/wp-json\/wp\/v2\/posts\/563607","targetHints":{"allow":["GET"]}}],"collection":[{"href":"https:\/\/www.europesays.com\/fr\/wp-json\/wp\/v2\/posts"}],"about":[{"href":"https:\/\/www.europesays.com\/fr\/wp-json\/wp\/v2\/types\/post"}],"author":[{"embeddable":true,"href":"https:\/\/www.europesays.com\/fr\/wp-json\/wp\/v2\/users\/2"}],"replies":[{"embeddable":true,"href":"https:\/\/www.europesays.com\/fr\/wp-json\/wp\/v2\/comments?post=563607"}],"version-history":[{"count":0,"href":"https:\/\/www.europesays.com\/fr\/wp-json\/wp\/v2\/posts\/563607\/revisions"}],"wp:featuredmedia":[{"embeddable":true,"href":"https:\/\/www.europesays.com\/fr\/wp-json\/wp\/v2\/media\/563608"}],"wp:attachment":[{"href":"https:\/\/www.europesays.com\/fr\/wp-json\/wp\/v2\/media?parent=563607"}],"wp:term":[{"taxonomy":"category","embeddable":true,"href":"https:\/\/www.europesays.com\/fr\/wp-json\/wp\/v2\/categories?post=563607"},{"taxonomy":"post_tag","embeddable":true,"href":"https:\/\/www.europesays.com\/fr\/wp-json\/wp\/v2\/tags?post=563607"}],"curies":[{"name":"wp","href":"https:\/\/api.w.org\/{rel}","templated":true}]}}